{"id":19940,"date":"2024-11-18T08:00:49","date_gmt":"2024-11-18T11:00:49","guid":{"rendered":"https:\/\/zoomproducciones.com.ar\/zoomp\/?p=19940"},"modified":"2024-11-18T08:00:50","modified_gmt":"2024-11-18T11:00:50","slug":"macron-se-reune-con-milei-francia-no-firmara-el-acuerdo-con-el-mercosur-en-su-estado-actual","status":"publish","type":"post","link":"https:\/\/zoomproducciones.com.ar\/zoomp\/macron-se-reune-con-milei-francia-no-firmara-el-acuerdo-con-el-mercosur-en-su-estado-actual\/","title":{"rendered":"Macron se re\u00fane con Milei: Francia no firmar\u00e1 el acuerdo con el Mercosur en su estado actual"},"content":{"rendered":"\n<p>El presidente franc\u00e9s, Emmanuel Macron, se reuni\u00f3 este domingo con el presidente argentino, Javier Milei, antes de viajar a Brasil para el G20. Macron reiter\u00f3 su oposici\u00f3n al acuerdo comercial entre la Uni\u00f3n Europea y el Mercosur en su forma actual, declarando que Francia no lo firmar\u00eda. El encuentro con Milei, seg\u00fan Macron, sirvi\u00f3 para intercambiar ideas antes del G20 y abordar las preocupaciones compartidas, a pesar de sus diferencias en otros temas.<\/p>\n\n\n\n<p>La posici\u00f3n de Macron se alinea con las protestas de los agricultores franceses, quienes temen una competencia desleal y la falta de cumplimiento de est\u00e1ndares ambientales y sanitarios por parte de los productos del Mercosur. <\/p>\n\n\n\n<p>Impulsado principalmente por Alemania y Espa\u00f1a, el acuerdo busca ser firmado antes de fin de a\u00f1o, a pesar de la resistencia francesa. <\/p>\n\n\n\n<p>Macron asegur\u00f3 que seguir\u00e1 trabajando para defender el modelo agr\u00edcola franc\u00e9s, buscando una soluci\u00f3n que no perjudique a sus agricultores.<\/p>\n","protected":false},"excerpt":{"rendered":"<p>El presidente franc\u00e9s, Emmanuel Macron, se reuni\u00f3 este domingo con el presidente argentino, Javier Milei, antes de viajar a Brasil para el G20. Macron reiter\u00f3 su oposici\u00f3n al acuerdo comercial entre la Uni\u00f3n Europea y el Mercosur en su forma actual, declarando que Francia no lo firmar\u00eda. El encuentro con Milei, seg\u00fan Macron, sirvi\u00f3 para [&hellip;]<\/p>\n","protected":false},"author":2,"featured_media":19942,"comment_status":"closed","ping_status":"open","sticky":false,"template":"","format":"standard","meta":{"footnotes":""},"categories":[8],"tags":[42],"class_list":{"0":"post-19940","1":"post","2":"type-post","3":"status-publish","4":"format-standard","5":"has-post-thumbnail","7":"category-nacionales","8":"tag-featured"},"_links":{"self":[{"href":"https:\/\/zoomproducciones.com.ar\/zoomp\/wp-json\/wp\/v2\/posts\/19940","targetHints":{"allow":["GET"]}}],"collection":[{"href":"https:\/\/zoomproducciones.com.ar\/zoomp\/wp-json\/wp\/v2\/posts"}],"about":[{"href":"https:\/\/zoomproducciones.com.ar\/zoomp\/wp-json\/wp\/v2\/types\/post"}],"author":[{"embeddable":true,"href":"https:\/\/zoomproducciones.com.ar\/zoomp\/wp-json\/wp\/v2\/users\/2"}],"replies":[{"embeddable":true,"href":"https:\/\/zoomproducciones.com.ar\/zoomp\/wp-json\/wp\/v2\/comments?post=19940"}],"version-history":[{"count":1,"href":"https:\/\/zoomproducciones.com.ar\/zoomp\/wp-json\/wp\/v2\/posts\/19940\/revisions"}],"predecessor-version":[{"id":19943,"href":"https:\/\/zoomproducciones.com.ar\/zoomp\/wp-json\/wp\/v2\/posts\/19940\/revisions\/19943"}],"wp:featuredmedia":[{"embeddable":true,"href":"https:\/\/zoomproducciones.com.ar\/zoomp\/wp-json\/wp\/v2\/media\/19942"}],"wp:attachment":[{"href":"https:\/\/zoomproducciones.com.ar\/zoomp\/wp-json\/wp\/v2\/media?parent=19940"}],"wp:term":[{"taxonomy":"category","embeddable":true,"href":"https:\/\/zoomproducciones.com.ar\/zoomp\/wp-json\/wp\/v2\/categories?post=19940"},{"taxonomy":"post_tag","embeddable":true,"href":"https:\/\/zoomproducciones.com.ar\/zoomp\/wp-json\/wp\/v2\/tags?post=19940"}],"curies":[{"name":"wp","href":"https:\/\/api.w.org\/{rel}","templated":true}]}}