{"id":19935,"date":"2024-11-15T08:50:02","date_gmt":"2024-11-15T11:50:02","guid":{"rendered":"https:\/\/zoomproducciones.com.ar\/zoomp\/?p=19935"},"modified":"2024-11-15T08:50:03","modified_gmt":"2024-11-15T11:50:03","slug":"cristina-kirchner-califica-a-milei-de-pequeno-dictadorzuelo-y-lo-acusa-de-querer-crear-un-tribunal-de-honor","status":"publish","type":"post","link":"https:\/\/zoomproducciones.com.ar\/zoomp\/cristina-kirchner-califica-a-milei-de-pequeno-dictadorzuelo-y-lo-acusa-de-querer-crear-un-tribunal-de-honor\/","title":{"rendered":"Cristina Kirchner califica a Milei de \u00abpeque\u00f1o dictadorzuelo\u00bb y lo acusa de querer crear un \u00abTribunal de Honor\u00bb"},"content":{"rendered":"\n<p>Cristina Fern\u00e1ndez de Kirchner sali\u00f3 al cruce de la decisi\u00f3n del gobierno de Javier Milei de dar de baja su jubilaci\u00f3n de privilegio y la pensi\u00f3n por el fallecimiento de N\u00e9stor Kirchner, acus\u00e1ndolo de querer crear un \u00abTribunal de Honor\u00bb para juzgar a ex presidentes y aplicarle \u00abpenas accesorias\u00bb a las del Poder Judicial.<\/p>\n\n\n\n<p>En una publicaci\u00f3n en sus redes sociales, la ex presidenta calific\u00f3 a Milei de \u00abpeque\u00f1o dictadorzuelo\u00bb y lo acus\u00f3 de estar \u00abfuera de eje\u00bb y de \u00abasociarse con la mafia judicial para perseguirme\u00bb.<\/p>\n\n\n\n<p>\u00abEst\u00e1s tan fuera de eje que est\u00e1 apareciendo el peque\u00f1o dictadorzuelo que siempre llevaste adentro\u00bb, escribi\u00f3 Kirchner. \u00ab\u00bfTe quer\u00e9s asociar con la mafia judicial para perseguirme vos tambi\u00e9n? \u00bfTanto miedo me ten\u00e9s? Te comento que al dictador (Jorge Rafael) Videla s\u00ed le tuve miedo y mucho. Pero vos solo me das l\u00e1stima y verg\u00fcenza ajena\u00bb.<\/p>\n\n\n\n<p>Kirchner cuestion\u00f3 la legitimidad del \u00abTribunal de Honor\u00bb, pregunt\u00e1ndose qui\u00e9nes lo integran y ironizando sobre la capacidad intelectual de Milei.<\/p>\n\n\n\n<p>\u00abLa pensi\u00f3n de los ex presidentes no se les otorga por el buen desempe\u00f1o, sino por el m\u00e9rito de haber sido elegidos por el pueblo como Presidentes de la Naci\u00f3n\u00bb, remarc\u00f3.<\/p>\n\n\n\n<p>Adem\u00e1s, la ex presidenta argument\u00f3 que el \u00abmal desempe\u00f1o\u00bb de un mandatario solo puede ser juzgado por el Congreso a trav\u00e9s del juicio pol\u00edtico.<\/p>\n\n\n\n<p>\u00ab\u00bfQu\u00e9 parte no entend\u00e9s Milei? Derecho Constitucional b\u00e1sico. Pensar que hay gente que te vot\u00f3 creyendo que sab\u00edas mucho\u00bb, se lament\u00f3 Kirchner.<\/p>\n\n\n\n<p>Para finalizar, la ex mandataria ironiz\u00f3 sobre la afici\u00f3n de Milei por la Inteligencia Artificial, sugiriendo que le pregunte a Elon Musk c\u00f3mo crear un Poder Judicial con IA.<\/p>\n","protected":false},"excerpt":{"rendered":"<p>Cristina Fern\u00e1ndez de Kirchner sali\u00f3 al cruce de la decisi\u00f3n del gobierno de Javier Milei de dar de baja su jubilaci\u00f3n de privilegio y la pensi\u00f3n por el fallecimiento de N\u00e9stor Kirchner, acus\u00e1ndolo de querer crear un \u00abTribunal de Honor\u00bb para juzgar a ex presidentes y aplicarle \u00abpenas accesorias\u00bb a las del Poder Judicial. En [&hellip;]<\/p>\n","protected":false},"author":2,"featured_media":19881,"comment_status":"closed","ping_status":"open","sticky":false,"template":"","format":"standard","meta":{"footnotes":""},"categories":[8],"tags":[511],"class_list":{"0":"post-19935","1":"post","2":"type-post","3":"status-publish","4":"format-standard","5":"has-post-thumbnail","7":"category-nacionales","8":"tag-bloque-2"},"_links":{"self":[{"href":"https:\/\/zoomproducciones.com.ar\/zoomp\/wp-json\/wp\/v2\/posts\/19935","targetHints":{"allow":["GET"]}}],"collection":[{"href":"https:\/\/zoomproducciones.com.ar\/zoomp\/wp-json\/wp\/v2\/posts"}],"about":[{"href":"https:\/\/zoomproducciones.com.ar\/zoomp\/wp-json\/wp\/v2\/types\/post"}],"author":[{"embeddable":true,"href":"https:\/\/zoomproducciones.com.ar\/zoomp\/wp-json\/wp\/v2\/users\/2"}],"replies":[{"embeddable":true,"href":"https:\/\/zoomproducciones.com.ar\/zoomp\/wp-json\/wp\/v2\/comments?post=19935"}],"version-history":[{"count":1,"href":"https:\/\/zoomproducciones.com.ar\/zoomp\/wp-json\/wp\/v2\/posts\/19935\/revisions"}],"predecessor-version":[{"id":19936,"href":"https:\/\/zoomproducciones.com.ar\/zoomp\/wp-json\/wp\/v2\/posts\/19935\/revisions\/19936"}],"wp:featuredmedia":[{"embeddable":true,"href":"https:\/\/zoomproducciones.com.ar\/zoomp\/wp-json\/wp\/v2\/media\/19881"}],"wp:attachment":[{"href":"https:\/\/zoomproducciones.com.ar\/zoomp\/wp-json\/wp\/v2\/media?parent=19935"}],"wp:term":[{"taxonomy":"category","embeddable":true,"href":"https:\/\/zoomproducciones.com.ar\/zoomp\/wp-json\/wp\/v2\/categories?post=19935"},{"taxonomy":"post_tag","embeddable":true,"href":"https:\/\/zoomproducciones.com.ar\/zoomp\/wp-json\/wp\/v2\/tags?post=19935"}],"curies":[{"name":"wp","href":"https:\/\/api.w.org\/{rel}","templated":true}]}}