{"id":19931,"date":"2024-11-15T08:41:14","date_gmt":"2024-11-15T11:41:14","guid":{"rendered":"https:\/\/zoomproducciones.com.ar\/zoomp\/?p=19931"},"modified":"2024-11-15T08:41:16","modified_gmt":"2024-11-15T11:41:16","slug":"corrientes-crecio-15-en-empleo-privado-registrado-la-segunda-variacion-mas-alta-del-pais","status":"publish","type":"post","link":"https:\/\/zoomproducciones.com.ar\/zoomp\/corrientes-crecio-15-en-empleo-privado-registrado-la-segunda-variacion-mas-alta-del-pais\/","title":{"rendered":"Corrientes creci\u00f3 1,5% en empleo privado registrado, la segunda variaci\u00f3n m\u00e1s alta del pa\u00eds"},"content":{"rendered":"\n<p>Seg\u00fan datos del Sistema Integrado Previsional Argentino (SIPA), el empleo privado registrado en Corrientes experiment\u00f3 un crecimiento del 1,5% en agosto de 2024, ubic\u00e1ndose como la segunda provincia con mayor incremento a nivel nacional.<\/p>\n\n\n\n<p>Este desempe\u00f1o positivo contrasta con la variaci\u00f3n del 0,1% a nivel pa\u00eds, que representa un aumento de 6.736 puestos de trabajo. Corrientes, por su parte, aport\u00f3 1.156 nuevos puestos al total nacional.<\/p>\n\n\n\n<p>En el ranking de provincias con mayor crecimiento del empleo privado registrado, Jujuy lidera la lista con un 2,4%, seguida de Corrientes. Formosa y Tierra del Fuego registraron un 0,9%, Neuqu\u00e9n un 0,7%, Catamarca un 0,6% y Mendoza un 0,5%.<\/p>\n\n\n\n<p>En contraste, Buenos Aires y la Ciudad Aut\u00f3noma de Buenos Aires (CABA) solo lograron un 0,1%, mientras que Chaco registr\u00f3 un 0,03%. La Pampa (-0,2%), C\u00f3rdoba (-0,3%), La Rioja (-0,6%), Tucum\u00e1n (-1,1%) y Misiones (-1,1%) mostraron decrecimientos en el empleo privado registrado durante agosto.<\/p>\n\n\n\n<p>Fuente: El Litoral.<\/p>\n","protected":false},"excerpt":{"rendered":"<p>Seg\u00fan datos del Sistema Integrado Previsional Argentino (SIPA), el empleo privado registrado en Corrientes experiment\u00f3 un crecimiento del 1,5% en agosto de 2024, ubic\u00e1ndose como la segunda provincia con mayor incremento a nivel nacional. Este desempe\u00f1o positivo contrasta con la variaci\u00f3n del 0,1% a nivel pa\u00eds, que representa un aumento de 6.736 puestos de trabajo. [&hellip;]<\/p>\n","protected":false},"author":2,"featured_media":19932,"comment_status":"closed","ping_status":"open","sticky":false,"template":"","format":"standard","meta":{"footnotes":""},"categories":[3],"tags":[511],"class_list":{"0":"post-19931","1":"post","2":"type-post","3":"status-publish","4":"format-standard","5":"has-post-thumbnail","7":"category-provinciales","8":"tag-bloque-2"},"_links":{"self":[{"href":"https:\/\/zoomproducciones.com.ar\/zoomp\/wp-json\/wp\/v2\/posts\/19931","targetHints":{"allow":["GET"]}}],"collection":[{"href":"https:\/\/zoomproducciones.com.ar\/zoomp\/wp-json\/wp\/v2\/posts"}],"about":[{"href":"https:\/\/zoomproducciones.com.ar\/zoomp\/wp-json\/wp\/v2\/types\/post"}],"author":[{"embeddable":true,"href":"https:\/\/zoomproducciones.com.ar\/zoomp\/wp-json\/wp\/v2\/users\/2"}],"replies":[{"embeddable":true,"href":"https:\/\/zoomproducciones.com.ar\/zoomp\/wp-json\/wp\/v2\/comments?post=19931"}],"version-history":[{"count":1,"href":"https:\/\/zoomproducciones.com.ar\/zoomp\/wp-json\/wp\/v2\/posts\/19931\/revisions"}],"predecessor-version":[{"id":19933,"href":"https:\/\/zoomproducciones.com.ar\/zoomp\/wp-json\/wp\/v2\/posts\/19931\/revisions\/19933"}],"wp:featuredmedia":[{"embeddable":true,"href":"https:\/\/zoomproducciones.com.ar\/zoomp\/wp-json\/wp\/v2\/media\/19932"}],"wp:attachment":[{"href":"https:\/\/zoomproducciones.com.ar\/zoomp\/wp-json\/wp\/v2\/media?parent=19931"}],"wp:term":[{"taxonomy":"category","embeddable":true,"href":"https:\/\/zoomproducciones.com.ar\/zoomp\/wp-json\/wp\/v2\/categories?post=19931"},{"taxonomy":"post_tag","embeddable":true,"href":"https:\/\/zoomproducciones.com.ar\/zoomp\/wp-json\/wp\/v2\/tags?post=19931"}],"curies":[{"name":"wp","href":"https:\/\/api.w.org\/{rel}","templated":true}]}}