{"id":19928,"date":"2024-11-15T08:27:04","date_gmt":"2024-11-15T11:27:04","guid":{"rendered":"https:\/\/zoomproducciones.com.ar\/zoomp\/?p=19928"},"modified":"2024-11-15T08:27:04","modified_gmt":"2024-11-15T11:27:04","slug":"vischi-sobre-colombi-es-una-alternativa-de-volver-al-pasado-pero-yo-creo-que-hay-que-ir-para-adelante","status":"publish","type":"post","link":"https:\/\/zoomproducciones.com.ar\/zoomp\/vischi-sobre-colombi-es-una-alternativa-de-volver-al-pasado-pero-yo-creo-que-hay-que-ir-para-adelante\/","title":{"rendered":"Vischi sobre Colombi: \u00bbes una alternativa \u00b4de volver al pasado\u00b4,\u00a0pero yo creo que hay que ir para adelante\u00bb"},"content":{"rendered":"\n<p>En una entrevista con Sudamericana, el senador radical Eduardo Vischi se refiri\u00f3 a la situaci\u00f3n interna del partido en Corrientes, destacando la necesidad de definir un proyecto pol\u00edtico antes de discutir liderazgos.<\/p>\n\n\n\n<p>\u00abAlgunos ya est\u00e1n planteando cuestiones para el a\u00f1o que viene. Para m\u00ed es importante que primero nos pongamos de acuerdo en el proyecto y despu\u00e9s veamos qui\u00e9n puede liderarlo\u00bb, afirm\u00f3 Vischi, en referencia a las aspiraciones de Ricardo Colombi de recuperar su antiguo sello pol\u00edtico.<\/p>\n\n\n\n<p>Sobre Colombi asegur\u00f3: \u00ab<strong>Ricardo Colombi ha planteado\u00a0recuperar su viejo sello y\u00a0su vieja propuesta de ECO, con la que est\u00e1 recorriendo la provincia y plante\u00f3 ser \u00e9l una alternativa \u00b4de volver al pasado\u00b4,\u00a0pero yo creo que hay que ir para adelante\u00bb<\/strong><\/p>\n\n\n\n<p>En cuanto a la situaci\u00f3n provincial, el senador destac\u00f3 proyectos como la reconstrucci\u00f3n de una escuela y la entrega de notebooks en instituciones educativas. Sobre el aeropuerto de Paso de los Libres, asegur\u00f3 que la obra es crucial para la regi\u00f3n y que las demoras se debieron a la falta de autorizaciones del gobierno nacional durante la gesti\u00f3n de Alberto Fern\u00e1ndez. <\/p>\n\n\n\n<p>Respecto al presupuesto nacional, Vischi resalt\u00f3 la necesidad de una buena relaci\u00f3n institucional con el gobierno para que Corrientes sea vista como una provincia estrat\u00e9gica. Tambi\u00e9n se refiri\u00f3 al debate sobre la reglamentaci\u00f3n de los Decretos de Necesidad y Urgencia (DNU) y la situaci\u00f3n judicial.<\/p>\n\n\n\n<p>En relaci\u00f3n a la obra p\u00fablica, Vischi advirti\u00f3 que el gobierno nacional \u00abva a hacer muy poca obra p\u00fablica, casi nada\u00bb. Tambi\u00e9n mencion\u00f3 la falta de mantenimiento de rutas, se\u00f1alando un caso espec\u00edfico en Paso de los Libres donde una persona falleci\u00f3 recientemente en un accidente.<\/p>\n\n\n\n<p>Sobre el di\u00e1logo en el Congreso, Vischi destac\u00f3 la actitud abierta de la vicepresidenta del Senado, Gabriela Michetti, con quien mantiene un di\u00e1logo fluido. En contraste, mencion\u00f3 la falta de di\u00e1logo durante la gesti\u00f3n de Cristina Kirchner.<\/p>\n\n\n\n<p>Finalmente, Vischi se refiri\u00f3 a la ley de \u00abficha limpia\u00bb, asegurando que la UCR tiene proyectos sobre el tema y que el caso de la expresidenta es un ejemplo de la necesidad de avanzar en la materia.<\/p>\n","protected":false},"excerpt":{"rendered":"<p>En una entrevista con Sudamericana, el senador radical Eduardo Vischi se refiri\u00f3 a la situaci\u00f3n interna del partido en Corrientes, destacando la necesidad de definir un proyecto pol\u00edtico antes de discutir liderazgos. \u00abAlgunos ya est\u00e1n planteando cuestiones para el a\u00f1o que viene. Para m\u00ed es importante que primero nos pongamos de acuerdo en el proyecto [&hellip;]<\/p>\n","protected":false},"author":2,"featured_media":19929,"comment_status":"closed","ping_status":"open","sticky":false,"template":"","format":"standard","meta":{"footnotes":""},"categories":[3],"tags":[511],"class_list":{"0":"post-19928","1":"post","2":"type-post","3":"status-publish","4":"format-standard","5":"has-post-thumbnail","7":"category-provinciales","8":"tag-bloque-2"},"_links":{"self":[{"href":"https:\/\/zoomproducciones.com.ar\/zoomp\/wp-json\/wp\/v2\/posts\/19928","targetHints":{"allow":["GET"]}}],"collection":[{"href":"https:\/\/zoomproducciones.com.ar\/zoomp\/wp-json\/wp\/v2\/posts"}],"about":[{"href":"https:\/\/zoomproducciones.com.ar\/zoomp\/wp-json\/wp\/v2\/types\/post"}],"author":[{"embeddable":true,"href":"https:\/\/zoomproducciones.com.ar\/zoomp\/wp-json\/wp\/v2\/users\/2"}],"replies":[{"embeddable":true,"href":"https:\/\/zoomproducciones.com.ar\/zoomp\/wp-json\/wp\/v2\/comments?post=19928"}],"version-history":[{"count":1,"href":"https:\/\/zoomproducciones.com.ar\/zoomp\/wp-json\/wp\/v2\/posts\/19928\/revisions"}],"predecessor-version":[{"id":19930,"href":"https:\/\/zoomproducciones.com.ar\/zoomp\/wp-json\/wp\/v2\/posts\/19928\/revisions\/19930"}],"wp:featuredmedia":[{"embeddable":true,"href":"https:\/\/zoomproducciones.com.ar\/zoomp\/wp-json\/wp\/v2\/media\/19929"}],"wp:attachment":[{"href":"https:\/\/zoomproducciones.com.ar\/zoomp\/wp-json\/wp\/v2\/media?parent=19928"}],"wp:term":[{"taxonomy":"category","embeddable":true,"href":"https:\/\/zoomproducciones.com.ar\/zoomp\/wp-json\/wp\/v2\/categories?post=19928"},{"taxonomy":"post_tag","embeddable":true,"href":"https:\/\/zoomproducciones.com.ar\/zoomp\/wp-json\/wp\/v2\/tags?post=19928"}],"curies":[{"name":"wp","href":"https:\/\/api.w.org\/{rel}","templated":true}]}}