{"id":19923,"date":"2024-11-15T08:02:12","date_gmt":"2024-11-15T11:02:12","guid":{"rendered":"https:\/\/zoomproducciones.com.ar\/zoomp\/?p=19923"},"modified":"2024-11-15T08:02:12","modified_gmt":"2024-11-15T11:02:12","slug":"milei-en-florida-elogios-a-trump-y-mensaje-contra-el-comunismo","status":"publish","type":"post","link":"https:\/\/zoomproducciones.com.ar\/zoomp\/milei-en-florida-elogios-a-trump-y-mensaje-contra-el-comunismo\/","title":{"rendered":"Milei en Florida: elogios a Trump y mensaje contra el comunismo"},"content":{"rendered":"\n<p>El presidente argentino Javier Milei protagoniz\u00f3 un esperado discurso en la convenci\u00f3n conservadora que se celebra este jueves en Florida.<\/p>\n\n\n\n<p>En su intervenci\u00f3n, Milei agradeci\u00f3 a los asistentes por \u00abhacerlo parte de este evento tan importante\u00bb y los calific\u00f3 como \u00abverdaderos gigantes\u00bb. Adem\u00e1s, dedic\u00f3 elogios a Donald Trump, el flamante presidente electo de Estados Unidos, a quien defini\u00f3 como un \u00abverdadero milagro\u00bb y un ejemplo de \u00abremontada pol\u00edtica\u00bb que enfrenta al \u00abestablishment pol\u00edtico\u00bb.<\/p>\n\n\n\n<p>\u00abQuiero comenzar primero felicitando al presidente electo Donald Trump por su contundente victoria, por la remontada pol\u00edtica m\u00e1s grande de la historia enfrentando a todo el establishment pol\u00edtico, incluso poniendo en riesgo su propia vida\u00bb, se\u00f1al\u00f3 Milei. \u00abY gracias a eso hoy el mundo es un mundo mucho mejor porque hoy los vientos de libertad soplan much\u00edsimo m\u00e1s fuerte\u00bb, agreg\u00f3.<\/p>\n\n\n\n<p>En su discurso, Milei tambi\u00e9n se refiri\u00f3 al comunismo, al que calific\u00f3 como un \u00abfantasma siniestro\u00bb. \u00abEn 1848 Marx comenz\u00f3 aquel panfleto siniestro que fue su manifiesto comunista diciendo que un fantasma recorr\u00eda Europa, el fantasma del comunismo. Hoy un fantasma distinto recorre el mundo, el fantasma de la libertad\u00bb, afirm\u00f3.<\/p>\n","protected":false},"excerpt":{"rendered":"<p>El presidente argentino Javier Milei protagoniz\u00f3 un esperado discurso en la convenci\u00f3n conservadora que se celebra este jueves en Florida. En su intervenci\u00f3n, Milei agradeci\u00f3 a los asistentes por \u00abhacerlo parte de este evento tan importante\u00bb y los calific\u00f3 como \u00abverdaderos gigantes\u00bb. Adem\u00e1s, dedic\u00f3 elogios a Donald Trump, el flamante presidente electo de Estados Unidos, [&hellip;]<\/p>\n","protected":false},"author":2,"featured_media":19925,"comment_status":"closed","ping_status":"open","sticky":false,"template":"","format":"standard","meta":{"footnotes":""},"categories":[8],"tags":[511],"class_list":{"0":"post-19923","1":"post","2":"type-post","3":"status-publish","4":"format-standard","5":"has-post-thumbnail","7":"category-nacionales","8":"tag-bloque-2"},"_links":{"self":[{"href":"https:\/\/zoomproducciones.com.ar\/zoomp\/wp-json\/wp\/v2\/posts\/19923","targetHints":{"allow":["GET"]}}],"collection":[{"href":"https:\/\/zoomproducciones.com.ar\/zoomp\/wp-json\/wp\/v2\/posts"}],"about":[{"href":"https:\/\/zoomproducciones.com.ar\/zoomp\/wp-json\/wp\/v2\/types\/post"}],"author":[{"embeddable":true,"href":"https:\/\/zoomproducciones.com.ar\/zoomp\/wp-json\/wp\/v2\/users\/2"}],"replies":[{"embeddable":true,"href":"https:\/\/zoomproducciones.com.ar\/zoomp\/wp-json\/wp\/v2\/comments?post=19923"}],"version-history":[{"count":1,"href":"https:\/\/zoomproducciones.com.ar\/zoomp\/wp-json\/wp\/v2\/posts\/19923\/revisions"}],"predecessor-version":[{"id":19926,"href":"https:\/\/zoomproducciones.com.ar\/zoomp\/wp-json\/wp\/v2\/posts\/19923\/revisions\/19926"}],"wp:featuredmedia":[{"embeddable":true,"href":"https:\/\/zoomproducciones.com.ar\/zoomp\/wp-json\/wp\/v2\/media\/19925"}],"wp:attachment":[{"href":"https:\/\/zoomproducciones.com.ar\/zoomp\/wp-json\/wp\/v2\/media?parent=19923"}],"wp:term":[{"taxonomy":"category","embeddable":true,"href":"https:\/\/zoomproducciones.com.ar\/zoomp\/wp-json\/wp\/v2\/categories?post=19923"},{"taxonomy":"post_tag","embeddable":true,"href":"https:\/\/zoomproducciones.com.ar\/zoomp\/wp-json\/wp\/v2\/tags?post=19923"}],"curies":[{"name":"wp","href":"https:\/\/api.w.org\/{rel}","templated":true}]}}