{"id":19907,"date":"2024-11-15T07:45:30","date_gmt":"2024-11-15T10:45:30","guid":{"rendered":"https:\/\/zoomproducciones.com.ar\/zoomp\/?p=19907"},"modified":"2024-11-15T07:45:31","modified_gmt":"2024-11-15T10:45:31","slug":"sorpresa-en-la-ucr-corrientes-el-interventor-convoco-a-elecciones-internas-para-diciembre","status":"publish","type":"post","link":"https:\/\/zoomproducciones.com.ar\/zoomp\/sorpresa-en-la-ucr-corrientes-el-interventor-convoco-a-elecciones-internas-para-diciembre\/","title":{"rendered":"Sorpresa en la UCR Corrientes: el interventor convoc\u00f3 a elecciones internas para diciembre"},"content":{"rendered":"\n<p>El interventor de la Uni\u00f3n C\u00edvica Radical Distrito Corrientes, Juli\u00e1n Galdeano, anunci\u00f3 la convocatoria a elecciones internas para la renovaci\u00f3n de autoridades partidarias a nivel provincial, con fecha l\u00edmite de presentaci\u00f3n de listas el 7 de diciembre.<\/p>\n\n\n\n<p>En un comunicado, Galdeano asegur\u00f3 que \u00abno existen elementos que justifiquen la dilaci\u00f3n del proceso electoral\u00bb y que la UCR cuenta con un padr\u00f3n \u00abaceptable\u00bb de 84.207 afiliados, de los cuales 22.043 se incorporaron en 2024.<\/p>\n\n\n\n<p>\u00abLos indicadores demuestran un proceso aceitado y permanente que brinda garant\u00edas de acceso transparente a la calidad de afiliado e integraci\u00f3n del padr\u00f3n\u00bb, afirm\u00f3 el interventor, destacando la \u00abceleridad\u00bb en la conformaci\u00f3n del padr\u00f3n.<\/p>\n\n\n\n<p>Asimismo, Galdeano resalt\u00f3 el compromiso del Juzgado Federal interviniente para realizar la carga de las fichas de afiliados pendientes. \u00abLa dilaci\u00f3n injustificada quitar\u00eda a la UCR la posibilidad de comenzar el a\u00f1o electoral 2025 con una estrategia leg\u00edtima y cristalizar\u00eda un proceso en el cual las autopr\u00f3rrogas, la judicializaci\u00f3n y la intervenci\u00f3n actual operar\u00edan como obst\u00e1culos a la democracia interna partidaria\u00bb, advirti\u00f3.<\/p>\n","protected":false},"excerpt":{"rendered":"<p>El interventor de la Uni\u00f3n C\u00edvica Radical Distrito Corrientes, Juli\u00e1n Galdeano, anunci\u00f3 la convocatoria a elecciones internas para la renovaci\u00f3n de autoridades partidarias a nivel provincial, con fecha l\u00edmite de presentaci\u00f3n de listas el 7 de diciembre. En un comunicado, Galdeano asegur\u00f3 que \u00abno existen elementos que justifiquen la dilaci\u00f3n del proceso electoral\u00bb y que [&hellip;]<\/p>\n","protected":false},"author":2,"featured_media":19538,"comment_status":"closed","ping_status":"open","sticky":false,"template":"","format":"standard","meta":{"footnotes":""},"categories":[3],"tags":[42],"class_list":{"0":"post-19907","1":"post","2":"type-post","3":"status-publish","4":"format-standard","5":"has-post-thumbnail","7":"category-provinciales","8":"tag-featured"},"_links":{"self":[{"href":"https:\/\/zoomproducciones.com.ar\/zoomp\/wp-json\/wp\/v2\/posts\/19907","targetHints":{"allow":["GET"]}}],"collection":[{"href":"https:\/\/zoomproducciones.com.ar\/zoomp\/wp-json\/wp\/v2\/posts"}],"about":[{"href":"https:\/\/zoomproducciones.com.ar\/zoomp\/wp-json\/wp\/v2\/types\/post"}],"author":[{"embeddable":true,"href":"https:\/\/zoomproducciones.com.ar\/zoomp\/wp-json\/wp\/v2\/users\/2"}],"replies":[{"embeddable":true,"href":"https:\/\/zoomproducciones.com.ar\/zoomp\/wp-json\/wp\/v2\/comments?post=19907"}],"version-history":[{"count":1,"href":"https:\/\/zoomproducciones.com.ar\/zoomp\/wp-json\/wp\/v2\/posts\/19907\/revisions"}],"predecessor-version":[{"id":19912,"href":"https:\/\/zoomproducciones.com.ar\/zoomp\/wp-json\/wp\/v2\/posts\/19907\/revisions\/19912"}],"wp:featuredmedia":[{"embeddable":true,"href":"https:\/\/zoomproducciones.com.ar\/zoomp\/wp-json\/wp\/v2\/media\/19538"}],"wp:attachment":[{"href":"https:\/\/zoomproducciones.com.ar\/zoomp\/wp-json\/wp\/v2\/media?parent=19907"}],"wp:term":[{"taxonomy":"category","embeddable":true,"href":"https:\/\/zoomproducciones.com.ar\/zoomp\/wp-json\/wp\/v2\/categories?post=19907"},{"taxonomy":"post_tag","embeddable":true,"href":"https:\/\/zoomproducciones.com.ar\/zoomp\/wp-json\/wp\/v2\/tags?post=19907"}],"curies":[{"name":"wp","href":"https:\/\/api.w.org\/{rel}","templated":true}]}}