{"id":19894,"date":"2024-11-14T08:04:13","date_gmt":"2024-11-14T11:04:13","guid":{"rendered":"https:\/\/zoomproducciones.com.ar\/zoomp\/?p=19894"},"modified":"2024-11-14T08:04:13","modified_gmt":"2024-11-14T11:04:13","slug":"por-que-cristina-no-va-a-la-carcel-a-pesar-de-que-casacion-ratifico-la-condena-a-6-anos-de-prision","status":"publish","type":"post","link":"https:\/\/zoomproducciones.com.ar\/zoomp\/por-que-cristina-no-va-a-la-carcel-a-pesar-de-que-casacion-ratifico-la-condena-a-6-anos-de-prision\/","title":{"rendered":"Por qu\u00e9 Cristina no va a la c\u00e1rcel a pesar de que Casaci\u00f3n ratific\u00f3 la condena a 6 a\u00f1os de prisi\u00f3n"},"content":{"rendered":"\n<p>La C\u00e1mara Federal de Casaci\u00f3n Penal confirm\u00f3 este mi\u00e9rcoles la condena a seis a\u00f1os de prisi\u00f3n e inhabilitaci\u00f3n perpetua para ejercer cargos p\u00fablicos contra la ex vicepresidenta Cristina Kirchner por administraci\u00f3n fraudulenta en la causa Vialidad. Sin embargo, la condena no se ejecutar\u00e1 inmediatamente.<\/p>\n\n\n\n<p>El fallo, que revis\u00f3 el veredicto del juicio oral, a\u00fan debe ser ratificado por la Corte Suprema de Justicia para que sea efectivo. Hasta que el m\u00e1ximo tribunal se pronuncie, Kirchner no ir\u00e1 a prisi\u00f3n ni perder\u00e1 sus derechos pol\u00edticos.<\/p>\n\n\n\n<p>Tanto la defensa de Kirchner como el Ministerio P\u00fablico Fiscal tienen diez d\u00edas para apelar la decisi\u00f3n de Casaci\u00f3n ante la Corte Suprema. El proceso de revisi\u00f3n en la Corte podr\u00eda extenderse por meses, con una posible fecha de inicio del estudio de la apelaci\u00f3n en marzo de 2025.<\/p>\n\n\n\n<p>La condena solo se har\u00e1 efectiva si la Corte Suprema la ratifica.<\/p>\n\n\n\n<p>Fuente: Noticias Argentinas.<\/p>\n","protected":false},"excerpt":{"rendered":"<p>La C\u00e1mara Federal de Casaci\u00f3n Penal confirm\u00f3 este mi\u00e9rcoles la condena a seis a\u00f1os de prisi\u00f3n e inhabilitaci\u00f3n perpetua para ejercer cargos p\u00fablicos contra la ex vicepresidenta Cristina Kirchner por administraci\u00f3n fraudulenta en la causa Vialidad. Sin embargo, la condena no se ejecutar\u00e1 inmediatamente. El fallo, que revis\u00f3 el veredicto del juicio oral, a\u00fan debe [&hellip;]<\/p>\n","protected":false},"author":2,"featured_media":19895,"comment_status":"closed","ping_status":"open","sticky":false,"template":"","format":"standard","meta":{"footnotes":""},"categories":[8],"tags":[511],"class_list":{"0":"post-19894","1":"post","2":"type-post","3":"status-publish","4":"format-standard","5":"has-post-thumbnail","7":"category-nacionales","8":"tag-bloque-2"},"_links":{"self":[{"href":"https:\/\/zoomproducciones.com.ar\/zoomp\/wp-json\/wp\/v2\/posts\/19894","targetHints":{"allow":["GET"]}}],"collection":[{"href":"https:\/\/zoomproducciones.com.ar\/zoomp\/wp-json\/wp\/v2\/posts"}],"about":[{"href":"https:\/\/zoomproducciones.com.ar\/zoomp\/wp-json\/wp\/v2\/types\/post"}],"author":[{"embeddable":true,"href":"https:\/\/zoomproducciones.com.ar\/zoomp\/wp-json\/wp\/v2\/users\/2"}],"replies":[{"embeddable":true,"href":"https:\/\/zoomproducciones.com.ar\/zoomp\/wp-json\/wp\/v2\/comments?post=19894"}],"version-history":[{"count":1,"href":"https:\/\/zoomproducciones.com.ar\/zoomp\/wp-json\/wp\/v2\/posts\/19894\/revisions"}],"predecessor-version":[{"id":19897,"href":"https:\/\/zoomproducciones.com.ar\/zoomp\/wp-json\/wp\/v2\/posts\/19894\/revisions\/19897"}],"wp:featuredmedia":[{"embeddable":true,"href":"https:\/\/zoomproducciones.com.ar\/zoomp\/wp-json\/wp\/v2\/media\/19895"}],"wp:attachment":[{"href":"https:\/\/zoomproducciones.com.ar\/zoomp\/wp-json\/wp\/v2\/media?parent=19894"}],"wp:term":[{"taxonomy":"category","embeddable":true,"href":"https:\/\/zoomproducciones.com.ar\/zoomp\/wp-json\/wp\/v2\/categories?post=19894"},{"taxonomy":"post_tag","embeddable":true,"href":"https:\/\/zoomproducciones.com.ar\/zoomp\/wp-json\/wp\/v2\/tags?post=19894"}],"curies":[{"name":"wp","href":"https:\/\/api.w.org\/{rel}","templated":true}]}}