{"id":19888,"date":"2024-11-14T07:57:12","date_gmt":"2024-11-14T10:57:12","guid":{"rendered":"https:\/\/zoomproducciones.com.ar\/zoomp\/?p=19888"},"modified":"2024-11-14T07:57:13","modified_gmt":"2024-11-14T10:57:13","slug":"villarruel-califica-la-condena-a-cristina-kirchner-como-una-humillacion-al-pueblo-argentino","status":"publish","type":"post","link":"https:\/\/zoomproducciones.com.ar\/zoomp\/villarruel-califica-la-condena-a-cristina-kirchner-como-una-humillacion-al-pueblo-argentino\/","title":{"rendered":"Villarruel califica la condena a Cristina Kirchner como una \u00abhumillaci\u00f3n al pueblo argentino\u00bb"},"content":{"rendered":"\n<p>La vicepresidenta Victoria Villarruel calific\u00f3 la condena en segunda instancia a Cristina Fern\u00e1ndez de Kirchner como una \u00abhumillaci\u00f3n enorme para el pueblo argentino\u00bb.<\/p>\n\n\n\n<p>A trav\u00e9s de su cuenta de X, Villarruel afirm\u00f3 que la condena, que ratifica seis a\u00f1os de prisi\u00f3n e inhabilitaci\u00f3n perpetua para ejercer cargos p\u00fablicos, no representa a todos los argentinos, sino a los \u00abdirigentes pol\u00edticos que impunemente se han llenado los bolsillos con nuestro sufrimiento y miseria\u00bb.<\/p>\n\n\n\n<p>\u00abNo existe lawfare, ni proscripci\u00f3n, solo justicia. No es gratis habernos robado nuestra dignidad. Pero la mayor condena debe ser la intrascendencia y el olvido hacia lo peor que le pas\u00f3 a nuestro pa\u00eds: el kirchnerismo\u00bb, escribi\u00f3 Villarruel.<\/p>\n\n\n\n<p>La defensa de Cristina Kirchner apelar\u00e1 la decisi\u00f3n ante la Corte Suprema de Justicia.<\/p>\n","protected":false},"excerpt":{"rendered":"<p>La vicepresidenta Victoria Villarruel calific\u00f3 la condena en segunda instancia a Cristina Fern\u00e1ndez de Kirchner como una \u00abhumillaci\u00f3n enorme para el pueblo argentino\u00bb. A trav\u00e9s de su cuenta de X, Villarruel afirm\u00f3 que la condena, que ratifica seis a\u00f1os de prisi\u00f3n e inhabilitaci\u00f3n perpetua para ejercer cargos p\u00fablicos, no representa a todos los argentinos, sino [&hellip;]<\/p>\n","protected":false},"author":2,"featured_media":19889,"comment_status":"closed","ping_status":"open","sticky":false,"template":"","format":"standard","meta":{"footnotes":""},"categories":[8],"tags":[511],"class_list":{"0":"post-19888","1":"post","2":"type-post","3":"status-publish","4":"format-standard","5":"has-post-thumbnail","7":"category-nacionales","8":"tag-bloque-2"},"_links":{"self":[{"href":"https:\/\/zoomproducciones.com.ar\/zoomp\/wp-json\/wp\/v2\/posts\/19888","targetHints":{"allow":["GET"]}}],"collection":[{"href":"https:\/\/zoomproducciones.com.ar\/zoomp\/wp-json\/wp\/v2\/posts"}],"about":[{"href":"https:\/\/zoomproducciones.com.ar\/zoomp\/wp-json\/wp\/v2\/types\/post"}],"author":[{"embeddable":true,"href":"https:\/\/zoomproducciones.com.ar\/zoomp\/wp-json\/wp\/v2\/users\/2"}],"replies":[{"embeddable":true,"href":"https:\/\/zoomproducciones.com.ar\/zoomp\/wp-json\/wp\/v2\/comments?post=19888"}],"version-history":[{"count":1,"href":"https:\/\/zoomproducciones.com.ar\/zoomp\/wp-json\/wp\/v2\/posts\/19888\/revisions"}],"predecessor-version":[{"id":19891,"href":"https:\/\/zoomproducciones.com.ar\/zoomp\/wp-json\/wp\/v2\/posts\/19888\/revisions\/19891"}],"wp:featuredmedia":[{"embeddable":true,"href":"https:\/\/zoomproducciones.com.ar\/zoomp\/wp-json\/wp\/v2\/media\/19889"}],"wp:attachment":[{"href":"https:\/\/zoomproducciones.com.ar\/zoomp\/wp-json\/wp\/v2\/media?parent=19888"}],"wp:term":[{"taxonomy":"category","embeddable":true,"href":"https:\/\/zoomproducciones.com.ar\/zoomp\/wp-json\/wp\/v2\/categories?post=19888"},{"taxonomy":"post_tag","embeddable":true,"href":"https:\/\/zoomproducciones.com.ar\/zoomp\/wp-json\/wp\/v2\/tags?post=19888"}],"curies":[{"name":"wp","href":"https:\/\/api.w.org\/{rel}","templated":true}]}}