{"id":19886,"date":"2024-11-14T07:57:14","date_gmt":"2024-11-14T10:57:14","guid":{"rendered":"https:\/\/zoomproducciones.com.ar\/zoomp\/?p=19886"},"modified":"2024-11-14T07:57:14","modified_gmt":"2024-11-14T10:57:14","slug":"echarri-reafirma-su-apoyo-a-cristina-kirchner-tras-la-confirmacion-de-su-condena","status":"publish","type":"post","link":"https:\/\/zoomproducciones.com.ar\/zoomp\/echarri-reafirma-su-apoyo-a-cristina-kirchner-tras-la-confirmacion-de-su-condena\/","title":{"rendered":"Echarri reafirma su apoyo a Cristina Kirchner tras la confirmaci\u00f3n de su condena"},"content":{"rendered":"\n<p>El actor Pablo Echarri se manifest\u00f3 en apoyo a la ex presidenta Cristina Fern\u00e1ndez de Kirchner tras la ratificaci\u00f3n de su condena por administraci\u00f3n fraudulenta en la causa Vialidad.<\/p>\n\n\n\n<p>\u00abTe banco una y otra vez, hasta el final de todo\u00bb, escribi\u00f3 Echarri en su cuenta de X, dirigi\u00e9ndose a la ex mandataria.<\/p>\n\n\n\n<p>El actor tambi\u00e9n mencion\u00f3 la necesidad de \u00abconstruir una alternativa verdaderamente peronista\u00bb para \u00abponer las cosas en su lugar\u00bb, haciendo referencia a la situaci\u00f3n pol\u00edtica actual.<\/p>\n\n\n\n<p>La C\u00e1mara Federal de Casaci\u00f3n Penal confirm\u00f3 este mi\u00e9rcoles la condena a seis a\u00f1os de prisi\u00f3n e inhabilitaci\u00f3n perpetua para ejercer cargos p\u00fablicos a Cristina Kirchner.<\/p>\n\n\n\n<p>El fiscal ante Casaci\u00f3n, Mario Villar, anunci\u00f3 que apelar\u00e1 ante la Corte Suprema la absoluci\u00f3n por asociaci\u00f3n il\u00edcita y las absoluciones a tres de los acusados, incluyendo al ex ministro Julio De Vido.<\/p>\n","protected":false},"excerpt":{"rendered":"<p>El actor Pablo Echarri se manifest\u00f3 en apoyo a la ex presidenta Cristina Fern\u00e1ndez de Kirchner tras la ratificaci\u00f3n de su condena por administraci\u00f3n fraudulenta en la causa Vialidad. \u00abTe banco una y otra vez, hasta el final de todo\u00bb, escribi\u00f3 Echarri en su cuenta de X, dirigi\u00e9ndose a la ex mandataria. El actor tambi\u00e9n [&hellip;]<\/p>\n","protected":false},"author":2,"featured_media":19890,"comment_status":"closed","ping_status":"open","sticky":false,"template":"","format":"standard","meta":{"footnotes":""},"categories":[8],"tags":[511],"class_list":{"0":"post-19886","1":"post","2":"type-post","3":"status-publish","4":"format-standard","5":"has-post-thumbnail","7":"category-nacionales","8":"tag-bloque-2"},"_links":{"self":[{"href":"https:\/\/zoomproducciones.com.ar\/zoomp\/wp-json\/wp\/v2\/posts\/19886","targetHints":{"allow":["GET"]}}],"collection":[{"href":"https:\/\/zoomproducciones.com.ar\/zoomp\/wp-json\/wp\/v2\/posts"}],"about":[{"href":"https:\/\/zoomproducciones.com.ar\/zoomp\/wp-json\/wp\/v2\/types\/post"}],"author":[{"embeddable":true,"href":"https:\/\/zoomproducciones.com.ar\/zoomp\/wp-json\/wp\/v2\/users\/2"}],"replies":[{"embeddable":true,"href":"https:\/\/zoomproducciones.com.ar\/zoomp\/wp-json\/wp\/v2\/comments?post=19886"}],"version-history":[{"count":1,"href":"https:\/\/zoomproducciones.com.ar\/zoomp\/wp-json\/wp\/v2\/posts\/19886\/revisions"}],"predecessor-version":[{"id":19892,"href":"https:\/\/zoomproducciones.com.ar\/zoomp\/wp-json\/wp\/v2\/posts\/19886\/revisions\/19892"}],"wp:featuredmedia":[{"embeddable":true,"href":"https:\/\/zoomproducciones.com.ar\/zoomp\/wp-json\/wp\/v2\/media\/19890"}],"wp:attachment":[{"href":"https:\/\/zoomproducciones.com.ar\/zoomp\/wp-json\/wp\/v2\/media?parent=19886"}],"wp:term":[{"taxonomy":"category","embeddable":true,"href":"https:\/\/zoomproducciones.com.ar\/zoomp\/wp-json\/wp\/v2\/categories?post=19886"},{"taxonomy":"post_tag","embeddable":true,"href":"https:\/\/zoomproducciones.com.ar\/zoomp\/wp-json\/wp\/v2\/tags?post=19886"}],"curies":[{"name":"wp","href":"https:\/\/api.w.org\/{rel}","templated":true}]}}