{"id":19863,"date":"2024-11-13T09:58:56","date_gmt":"2024-11-13T12:58:56","guid":{"rendered":"https:\/\/zoomproducciones.com.ar\/zoomp\/?p=19863"},"modified":"2024-11-13T09:58:58","modified_gmt":"2024-11-13T12:58:58","slug":"algunos-salarios-ajustaron-por-inflacion-en-septiembre-pero-pierden-en-el-calculo-interanual","status":"publish","type":"post","link":"https:\/\/zoomproducciones.com.ar\/zoomp\/algunos-salarios-ajustaron-por-inflacion-en-septiembre-pero-pierden-en-el-calculo-interanual\/","title":{"rendered":"Algunos salarios ajustaron por inflaci\u00f3n en septiembre, pero pierden en el c\u00e1lculo interanual"},"content":{"rendered":"\n<p>Otro\u00a0<a href=\"https:\/\/x.com\/INDECArgentina\/status\/1856412954687877385?t=PgI0cxPdI2mtZZQmm4MW4Q&amp;s=19\" target=\"_blank\" rel=\"noreferrer noopener\">informe de INDEC<\/a>, aunque m\u00e1s rezagado, dice que el \u00edndice de salarios subi\u00f3 4,7% respecto de agosto y acumul\u00f3 un alza de 119,2% en los primeros nueve meses del a\u00f1o. \u00bfA vos no te pas\u00f3? Te cuento los detalles porque, en la interanual, perdimos todos.\u00a0<\/p>\n\n\n\n<p>Los trabajadores del sector privado formal lograron, en promedio, una mejora del 3,8% en septiembre, apenas por encima del 3,5% de inflaci\u00f3n de ese mes. Los del sector p\u00fablico tuvieron un aumento del 3,9%. Y, en la cifra menos precisa de todas por su informalidad, est\u00e1n los no registrados, que en el noveno mes del a\u00f1o lograron, seg\u00fan este informe, un incremento salarial del 10,4%.<\/p>\n\n\n\n<p>Si miramos la pel\u00edcula entera,&nbsp;<a href=\"https:\/\/www.infobae.com\/economia\/2024\/11\/12\/los-salarios-le-ganaron-a-la-inflacion-en-septiembre-pero-siguen-detras-en-la-carrera-anual\/\" rel=\"noreferrer noopener\" target=\"_blank\">entre septiembre de 2023 e igual mes de este a\u00f1o<\/a>, la inflaci\u00f3n fue de 209%. En ese mismo per\u00edodo, los salarios tuvieron un ajuste promedio de 181,9%, es decir, est\u00e1n perdiendo por 27,1 puntos porcentuales. Los del sector p\u00fablico se ajustaron 149,7% (59,3 puntos por debajo del IPC). Los formales, 197,7% nominal (11,3 puntos menos que la inflaci\u00f3n). Los informales, 191,8%, o sea, 17,2 puntos porcentuales por debajo.<\/p>\n","protected":false},"excerpt":{"rendered":"<p>Otro\u00a0informe de INDEC, aunque m\u00e1s rezagado, dice que el \u00edndice de salarios subi\u00f3 4,7% respecto de agosto y acumul\u00f3 un alza de 119,2% en los primeros nueve meses del a\u00f1o. \u00bfA vos no te pas\u00f3? Te cuento los detalles porque, en la interanual, perdimos todos.\u00a0 Los trabajadores del sector privado formal lograron, en promedio, una [&hellip;]<\/p>\n","protected":false},"author":2,"featured_media":19864,"comment_status":"closed","ping_status":"open","sticky":false,"template":"","format":"standard","meta":{"footnotes":""},"categories":[536],"tags":[511],"class_list":{"0":"post-19863","1":"post","2":"type-post","3":"status-publish","4":"format-standard","5":"has-post-thumbnail","7":"category-economia","8":"tag-bloque-2"},"_links":{"self":[{"href":"https:\/\/zoomproducciones.com.ar\/zoomp\/wp-json\/wp\/v2\/posts\/19863","targetHints":{"allow":["GET"]}}],"collection":[{"href":"https:\/\/zoomproducciones.com.ar\/zoomp\/wp-json\/wp\/v2\/posts"}],"about":[{"href":"https:\/\/zoomproducciones.com.ar\/zoomp\/wp-json\/wp\/v2\/types\/post"}],"author":[{"embeddable":true,"href":"https:\/\/zoomproducciones.com.ar\/zoomp\/wp-json\/wp\/v2\/users\/2"}],"replies":[{"embeddable":true,"href":"https:\/\/zoomproducciones.com.ar\/zoomp\/wp-json\/wp\/v2\/comments?post=19863"}],"version-history":[{"count":1,"href":"https:\/\/zoomproducciones.com.ar\/zoomp\/wp-json\/wp\/v2\/posts\/19863\/revisions"}],"predecessor-version":[{"id":19865,"href":"https:\/\/zoomproducciones.com.ar\/zoomp\/wp-json\/wp\/v2\/posts\/19863\/revisions\/19865"}],"wp:featuredmedia":[{"embeddable":true,"href":"https:\/\/zoomproducciones.com.ar\/zoomp\/wp-json\/wp\/v2\/media\/19864"}],"wp:attachment":[{"href":"https:\/\/zoomproducciones.com.ar\/zoomp\/wp-json\/wp\/v2\/media?parent=19863"}],"wp:term":[{"taxonomy":"category","embeddable":true,"href":"https:\/\/zoomproducciones.com.ar\/zoomp\/wp-json\/wp\/v2\/categories?post=19863"},{"taxonomy":"post_tag","embeddable":true,"href":"https:\/\/zoomproducciones.com.ar\/zoomp\/wp-json\/wp\/v2\/tags?post=19863"}],"curies":[{"name":"wp","href":"https:\/\/api.w.org\/{rel}","templated":true}]}}