{"id":19837,"date":"2024-11-12T07:49:47","date_gmt":"2024-11-12T10:49:47","guid":{"rendered":"https:\/\/zoomproducciones.com.ar\/zoomp\/?p=19837"},"modified":"2024-11-12T07:49:47","modified_gmt":"2024-11-12T10:49:47","slug":"el-jueves-21-11-se-conocera-el-veredicto-final-por-la-muerte-del-subteniente-chirino","status":"publish","type":"post","link":"https:\/\/zoomproducciones.com.ar\/zoomp\/el-jueves-21-11-se-conocera-el-veredicto-final-por-la-muerte-del-subteniente-chirino\/","title":{"rendered":"El jueves 21\/11 se conocer\u00e1 el veredicto final por la muerte del subteniente Chirino"},"content":{"rendered":"\n<p>Este lunes se llev\u00f3 a cabo la \u00faltima ronda de alegatos en el juicio por la muerte del subteniente Mat\u00edas Chirino, quien falleci\u00f3 tras un presunto ritual de iniciaci\u00f3n en el Grupo de Artiller\u00eda de Monte 3 en Paso de los Libres, Corrientes.<\/p>\n\n\n\n<p>La defensa solicit\u00f3 la absoluci\u00f3n de los nueve militares acusados, mientras que la Fiscal\u00eda pidi\u00f3 penas de 20 a\u00f1os de prisi\u00f3n para los coautores del hecho. La querella, en representaci\u00f3n de la familia Chirino, solicit\u00f3 una condena de 21 a\u00f1os para los acusados.<\/p>\n\n\n\n<p>El veredicto final se dar\u00e1 a conocer el 21 de noviembre.<\/p>\n\n\n\n<p>Por la muerte de Chirino, se encuentran acusados:<\/p>\n\n\n\n<ul class=\"wp-block-list\">\n<li>Coautores de Homicidio Simple y Abuso de Autoridad: los capitanes Claudio Andr\u00e9s Luna, Rub\u00e9n Dar\u00edo Ruiz y Hugo Reclus Mart\u00ednez Tarraga; los tenientes Dar\u00edo Emmanuel Mart\u00ednez y Exequiel Emmanuel Aguilar; y los subtenientes Facundo Luis Acosta y Gerardo Sebasti\u00e1n Bautista.<\/li>\n\n\n\n<li>Part\u00edcipes secundarios: la subteniente Claudia Daniela Cayata y el teniente Franco Dami\u00e1n Grupico.<\/li>\n<\/ul>\n\n\n\n<p>El juicio comenz\u00f3 a principios de octubre y durante la \u00faltima semana del mes, tanto la Fiscal\u00eda como la querella presentaron sus argumentos.<\/p>\n","protected":false},"excerpt":{"rendered":"<p>Este lunes se llev\u00f3 a cabo la \u00faltima ronda de alegatos en el juicio por la muerte del subteniente Mat\u00edas Chirino, quien falleci\u00f3 tras un presunto ritual de iniciaci\u00f3n en el Grupo de Artiller\u00eda de Monte 3 en Paso de los Libres, Corrientes. La defensa solicit\u00f3 la absoluci\u00f3n de los nueve militares acusados, mientras que [&hellip;]<\/p>\n","protected":false},"author":2,"featured_media":19562,"comment_status":"closed","ping_status":"open","sticky":false,"template":"","format":"standard","meta":{"footnotes":""},"categories":[8],"tags":[42],"class_list":{"0":"post-19837","1":"post","2":"type-post","3":"status-publish","4":"format-standard","5":"has-post-thumbnail","7":"category-nacionales","8":"tag-featured"},"_links":{"self":[{"href":"https:\/\/zoomproducciones.com.ar\/zoomp\/wp-json\/wp\/v2\/posts\/19837","targetHints":{"allow":["GET"]}}],"collection":[{"href":"https:\/\/zoomproducciones.com.ar\/zoomp\/wp-json\/wp\/v2\/posts"}],"about":[{"href":"https:\/\/zoomproducciones.com.ar\/zoomp\/wp-json\/wp\/v2\/types\/post"}],"author":[{"embeddable":true,"href":"https:\/\/zoomproducciones.com.ar\/zoomp\/wp-json\/wp\/v2\/users\/2"}],"replies":[{"embeddable":true,"href":"https:\/\/zoomproducciones.com.ar\/zoomp\/wp-json\/wp\/v2\/comments?post=19837"}],"version-history":[{"count":1,"href":"https:\/\/zoomproducciones.com.ar\/zoomp\/wp-json\/wp\/v2\/posts\/19837\/revisions"}],"predecessor-version":[{"id":19840,"href":"https:\/\/zoomproducciones.com.ar\/zoomp\/wp-json\/wp\/v2\/posts\/19837\/revisions\/19840"}],"wp:featuredmedia":[{"embeddable":true,"href":"https:\/\/zoomproducciones.com.ar\/zoomp\/wp-json\/wp\/v2\/media\/19562"}],"wp:attachment":[{"href":"https:\/\/zoomproducciones.com.ar\/zoomp\/wp-json\/wp\/v2\/media?parent=19837"}],"wp:term":[{"taxonomy":"category","embeddable":true,"href":"https:\/\/zoomproducciones.com.ar\/zoomp\/wp-json\/wp\/v2\/categories?post=19837"},{"taxonomy":"post_tag","embeddable":true,"href":"https:\/\/zoomproducciones.com.ar\/zoomp\/wp-json\/wp\/v2\/tags?post=19837"}],"curies":[{"name":"wp","href":"https:\/\/api.w.org\/{rel}","templated":true}]}}