{"id":19835,"date":"2024-11-12T07:49:43","date_gmt":"2024-11-12T10:49:43","guid":{"rendered":"https:\/\/zoomproducciones.com.ar\/zoomp\/?p=19835"},"modified":"2024-11-12T07:49:44","modified_gmt":"2024-11-12T10:49:44","slug":"el-gobierno-de-milei-anuncio-el-fin-del-programa-procrear-tal-y-como-lo-conocemos","status":"publish","type":"post","link":"https:\/\/zoomproducciones.com.ar\/zoomp\/el-gobierno-de-milei-anuncio-el-fin-del-programa-procrear-tal-y-como-lo-conocemos\/","title":{"rendered":"El Gobierno de Milei anunci\u00f3 el fin del programa Procrear \u00bbtal y como lo conocemos\u00bb"},"content":{"rendered":"\n<p>El Gobierno de Javier Milei anunci\u00f3 este lunes por la noche el fin del programa Procrear \u00bbtal y como lo conocemos\u00bb, una de las principales iniciativas del kirchnerismo.<\/p>\n\n\n\n<p>La noticia fue comunicada por el vocero presidencial, Manuel Adorni, a trav\u00e9s de su cuenta de X (antes Twitter), la plataforma habitual para difundir informaci\u00f3n oficial por parte del gobierno.<\/p>\n\n\n\n<p>\u00abDos novedades econ\u00f3micas: a partir de ma\u00f1ana el plan Procrear tal y como lo conocemos dejar\u00e1 de existir. Adem\u00e1s de esto, se comenzar\u00e1n a permitir las hipotecas divisibles para proyectos inmobiliarios en desarrollo\u00bb, escribi\u00f3 Adorni.<\/p>\n\n\n\n<p>El vocero tambi\u00e9n destac\u00f3 la \u00abgran gesti\u00f3n\u00bb del ministro de Econom\u00eda, Luis Caputo.<\/p>\n\n\n\n<p>Ambas medidas fueron formalizadas en el Bolet\u00edn Oficial, que se publicar\u00e1 este martes.<\/p>\n\n\n\n<p>Estas noticias se suman a otros anuncios recientes del gobierno de Milei, como el cambio de nombre del ex Gasoducto N\u00e9stor Kirchner y la desregulaci\u00f3n del servicio de correos y operadores postales.<\/p>\n","protected":false},"excerpt":{"rendered":"<p>El Gobierno de Javier Milei anunci\u00f3 este lunes por la noche el fin del programa Procrear \u00bbtal y como lo conocemos\u00bb, una de las principales iniciativas del kirchnerismo. La noticia fue comunicada por el vocero presidencial, Manuel Adorni, a trav\u00e9s de su cuenta de X (antes Twitter), la plataforma habitual para difundir informaci\u00f3n oficial por [&hellip;]<\/p>\n","protected":false},"author":2,"featured_media":19838,"comment_status":"closed","ping_status":"open","sticky":false,"template":"","format":"standard","meta":{"footnotes":""},"categories":[5,8],"tags":[511],"class_list":{"0":"post-19835","1":"post","2":"type-post","3":"status-publish","4":"format-standard","5":"has-post-thumbnail","7":"category-locales","8":"category-nacionales","9":"tag-bloque-2"},"_links":{"self":[{"href":"https:\/\/zoomproducciones.com.ar\/zoomp\/wp-json\/wp\/v2\/posts\/19835","targetHints":{"allow":["GET"]}}],"collection":[{"href":"https:\/\/zoomproducciones.com.ar\/zoomp\/wp-json\/wp\/v2\/posts"}],"about":[{"href":"https:\/\/zoomproducciones.com.ar\/zoomp\/wp-json\/wp\/v2\/types\/post"}],"author":[{"embeddable":true,"href":"https:\/\/zoomproducciones.com.ar\/zoomp\/wp-json\/wp\/v2\/users\/2"}],"replies":[{"embeddable":true,"href":"https:\/\/zoomproducciones.com.ar\/zoomp\/wp-json\/wp\/v2\/comments?post=19835"}],"version-history":[{"count":1,"href":"https:\/\/zoomproducciones.com.ar\/zoomp\/wp-json\/wp\/v2\/posts\/19835\/revisions"}],"predecessor-version":[{"id":19839,"href":"https:\/\/zoomproducciones.com.ar\/zoomp\/wp-json\/wp\/v2\/posts\/19835\/revisions\/19839"}],"wp:featuredmedia":[{"embeddable":true,"href":"https:\/\/zoomproducciones.com.ar\/zoomp\/wp-json\/wp\/v2\/media\/19838"}],"wp:attachment":[{"href":"https:\/\/zoomproducciones.com.ar\/zoomp\/wp-json\/wp\/v2\/media?parent=19835"}],"wp:term":[{"taxonomy":"category","embeddable":true,"href":"https:\/\/zoomproducciones.com.ar\/zoomp\/wp-json\/wp\/v2\/categories?post=19835"},{"taxonomy":"post_tag","embeddable":true,"href":"https:\/\/zoomproducciones.com.ar\/zoomp\/wp-json\/wp\/v2\/tags?post=19835"}],"curies":[{"name":"wp","href":"https:\/\/api.w.org\/{rel}","templated":true}]}}