{"id":19759,"date":"2024-11-08T09:09:25","date_gmt":"2024-11-08T12:09:25","guid":{"rendered":"https:\/\/zoomproducciones.com.ar\/zoomp\/?p=19759"},"modified":"2024-11-08T09:09:26","modified_gmt":"2024-11-08T12:09:26","slug":"segun-indec-industria-y-construccion-tienen-subas-intermensuales-pero-no-interanuales","status":"publish","type":"post","link":"https:\/\/zoomproducciones.com.ar\/zoomp\/segun-indec-industria-y-construccion-tienen-subas-intermensuales-pero-no-interanuales\/","title":{"rendered":"Seg\u00fan INDEC,\u00a0Industria y Construcci\u00f3n\u00a0tienen subas intermensuales, pero no interanuales"},"content":{"rendered":"\n<p>La\u00a0industria\u00a0cay\u00f3 6,1% interanual en septiembre, pero creci\u00f3 2,6% respecto de agosto, seg\u00fan INDEC. Algo parecido pas\u00f3 con la\u00a0construcci\u00f3n: se retrajo 24,8% interanual en septiembre y subi\u00f3 2,4% intermensual.<\/p>\n\n\n\n<p>El que celebr\u00f3 fue el ministro de Econom\u00eda, Luis Caputo, que&nbsp;<a href=\"https:\/\/x.com\/LuisCaputoAR\/status\/1854603263058092282?t=8LtM-d3l7wIewE3UGOprZA&amp;s=19\" rel=\"noreferrer noopener\" target=\"_blank\">en redes<\/a>&nbsp;subray\u00f3 que es el quinto mes consecutivo de&nbsp;<a href=\"https:\/\/search.app\/?link=https%3A%2F%2Fwww.eustat.eus%2Fdocumentos%2Felem_2530%2Fdefinicion.html&amp;utm_campaign=aga&amp;utm_source=agsadl2%2Csh%2Fx%2Fgs%2Fm2%2F4\" rel=\"noreferrer noopener\" target=\"_blank\">\u201ctendencia ciclo en positivo\u201d<\/a>&nbsp;de la industria.<\/p>\n\n\n\n<p>Seg\u00fan INDEC, 13 de las 16 divisiones industriales presentaron declives en la comparaci\u00f3n con 2023:&nbsp;<em>Sustancias y productos qu\u00edmicos<\/em>&nbsp;(8,9%);&nbsp;<em>Productos minerales no met\u00e1licos<\/em>&nbsp;(19,4%);&nbsp;<em>Industrias met\u00e1licas b\u00e1sicas<\/em>&nbsp;(14,4%);&nbsp;<em>Maquinaria y equipo<\/em>&nbsp;(16,1%);&nbsp;<em>Madera, papel, edici\u00f3n e impresi\u00f3n&nbsp;<\/em>(11,3%).<\/p>\n\n\n\n<p><\/p>\n","protected":false},"excerpt":{"rendered":"<p>La\u00a0industria\u00a0cay\u00f3 6,1% interanual en septiembre, pero creci\u00f3 2,6% respecto de agosto, seg\u00fan INDEC. Algo parecido pas\u00f3 con la\u00a0construcci\u00f3n: se retrajo 24,8% interanual en septiembre y subi\u00f3 2,4% intermensual. El que celebr\u00f3 fue el ministro de Econom\u00eda, Luis Caputo, que&nbsp;en redes&nbsp;subray\u00f3 que es el quinto mes consecutivo de&nbsp;\u201ctendencia ciclo en positivo\u201d&nbsp;de la industria. Seg\u00fan INDEC, 13 [&hellip;]<\/p>\n","protected":false},"author":2,"featured_media":19760,"comment_status":"closed","ping_status":"open","sticky":false,"template":"","format":"standard","meta":{"footnotes":""},"categories":[536],"tags":[42],"class_list":{"0":"post-19759","1":"post","2":"type-post","3":"status-publish","4":"format-standard","5":"has-post-thumbnail","7":"category-economia","8":"tag-featured"},"_links":{"self":[{"href":"https:\/\/zoomproducciones.com.ar\/zoomp\/wp-json\/wp\/v2\/posts\/19759","targetHints":{"allow":["GET"]}}],"collection":[{"href":"https:\/\/zoomproducciones.com.ar\/zoomp\/wp-json\/wp\/v2\/posts"}],"about":[{"href":"https:\/\/zoomproducciones.com.ar\/zoomp\/wp-json\/wp\/v2\/types\/post"}],"author":[{"embeddable":true,"href":"https:\/\/zoomproducciones.com.ar\/zoomp\/wp-json\/wp\/v2\/users\/2"}],"replies":[{"embeddable":true,"href":"https:\/\/zoomproducciones.com.ar\/zoomp\/wp-json\/wp\/v2\/comments?post=19759"}],"version-history":[{"count":1,"href":"https:\/\/zoomproducciones.com.ar\/zoomp\/wp-json\/wp\/v2\/posts\/19759\/revisions"}],"predecessor-version":[{"id":19761,"href":"https:\/\/zoomproducciones.com.ar\/zoomp\/wp-json\/wp\/v2\/posts\/19759\/revisions\/19761"}],"wp:featuredmedia":[{"embeddable":true,"href":"https:\/\/zoomproducciones.com.ar\/zoomp\/wp-json\/wp\/v2\/media\/19760"}],"wp:attachment":[{"href":"https:\/\/zoomproducciones.com.ar\/zoomp\/wp-json\/wp\/v2\/media?parent=19759"}],"wp:term":[{"taxonomy":"category","embeddable":true,"href":"https:\/\/zoomproducciones.com.ar\/zoomp\/wp-json\/wp\/v2\/categories?post=19759"},{"taxonomy":"post_tag","embeddable":true,"href":"https:\/\/zoomproducciones.com.ar\/zoomp\/wp-json\/wp\/v2\/tags?post=19759"}],"curies":[{"name":"wp","href":"https:\/\/api.w.org\/{rel}","templated":true}]}}