{"id":19553,"date":"2024-10-31T07:59:31","date_gmt":"2024-10-31T10:59:31","guid":{"rendered":"https:\/\/zoomproducciones.com.ar\/zoomp\/?p=19553"},"modified":"2024-10-31T07:59:31","modified_gmt":"2024-10-31T10:59:31","slug":"son-mas-de-30-funcionarios-los-que-se-fueron-del-gobierno-de-milei-en-menos-de-un-ano-de-gestion","status":"publish","type":"post","link":"https:\/\/zoomproducciones.com.ar\/zoomp\/son-mas-de-30-funcionarios-los-que-se-fueron-del-gobierno-de-milei-en-menos-de-un-ano-de-gestion\/","title":{"rendered":"Son m\u00e1s de 30 funcionarios los que se fueron del gobierno de Milei en menos de un a\u00f1o de gesti\u00f3n"},"content":{"rendered":"\n<p>La reciente salida de la canciller Diana Mondino, quien ser\u00e1 reemplazada por el embajador en Estados Unidos Gerardo Werthein, se suma a una lista de al menos 30 funcionarios que han dejado sus cargos en el gobierno de Javier Milei.<\/p>\n\n\n\n<h2 class=\"wp-block-heading\">Capital Humano, el Ministerio con m\u00e1s salidas<\/h2>\n\n\n\n<p>El Ministerio de Capital Humano, encabezado por Sandra Pettovello, es la cartera con m\u00e1s renuncias y despidos. Entre los funcionarios m\u00e1s destacados que se alejaron se encuentran:<\/p>\n\n\n\n<ul class=\"wp-block-list\">\n<li>Pablo de la Torre: Ex secretario de Ni\u00f1ez, Adolescencia y Familia, desplazado tras la pol\u00e9mica por toneladas de alimentos no entregados.<\/li>\n\n\n\n<li>H\u00e9ctor Calvente: Ex subsecretario de Pol\u00edticas Sociales.<\/li>\n\n\n\n<li>Luc\u00eda Raskovsky: Ex subsecretaria de Pol\u00edticas Territoriales y Desarrollo Humano.<\/li>\n\n\n\n<li>Ana Marmora: Ex subsecretaria de Pol\u00edticas Familiares.<\/li>\n\n\n\n<li>Omar Yas\u00edn: Ex secretario de Trabajo, Empleo y Seguridad Social.<\/li>\n\n\n\n<li>Fernando Szereszevky: Ex titular de la Unidad Gabinete de Asesores.<\/li>\n\n\n\n<li>Mariana Hortal Sueldo: Ex subsecretaria de Relaciones del Trabajo.<\/li>\n\n\n\n<li>Horacio Pitrau: Ex subsecretario de Trabajo.<\/li>\n\n\n\n<li>Maximiliano Keczeli: Ex secretario de Coordinaci\u00f3n Legal y Administrativa.<\/li>\n\n\n\n<li>Gonzalo Fort\u00edn: Ex subsecretario de Gesti\u00f3n Administrativa.<\/li>\n<\/ul>\n\n\n\n<h2 class=\"wp-block-heading\">Econom\u00eda, bajo la conducci\u00f3n de Luis Caputo<\/h2>\n\n\n\n<p>El Ministerio de Econom\u00eda, dirigido por Luis Caputo, tambi\u00e9n ha registrado una cantidad considerable de bajas:<\/p>\n\n\n\n<ul class=\"wp-block-list\">\n<li>Flavia Roy\u00f3n: Ex secretaria de Energ\u00eda.<\/li>\n\n\n\n<li>Fernando Vilella: Ex secretario de Bioeconom\u00eda.<\/li>\n\n\n\n<li>H\u00e9ctor Falzone: Ex subsecretario de Energ\u00eda El\u00e9ctrica.<\/li>\n\n\n\n<li>Adriana Serkis: Ex presidenta de la Comisi\u00f3n Nacional de Energ\u00eda At\u00f3mica (CNEA).<\/li>\n\n\n\n<li>Juan Manuel Troncoso: Ex titular del Banco de Inversi\u00f3n y Comercio Exterior (BICE).<\/li>\n\n\n\n<li>Joaqu\u00edn Cottani: Ex secretario de Pol\u00edtica Econ\u00f3mica.<\/li>\n<\/ul>\n\n\n\n<h2 class=\"wp-block-heading\">Cambios en Jefatura de Gabinete y Presidencia<\/h2>\n\n\n\n<p>La Jefatura de Gabinete y el \u00e1rea de Presidencia tambi\u00e9n han sufrido modificaciones significativas:<\/p>\n\n\n\n<ul class=\"wp-block-list\">\n<li>Nicol\u00e1s Posse: Ex ministro coordinador, reemplazado por Guillermo Francos.<\/li>\n\n\n\n<li>Alejandro Cosentino: Ex secretario de Innovaci\u00f3n, Ciencia y Tecnolog\u00eda.<\/li>\n\n\n\n<li>Julio Garro: Ex subsecretario de Deportes.<\/li>\n\n\n\n<li>Fausto Spotorno y Teddy Karagozian: Asesores en Presidencia, economista y empresario textil, respectivamente.<\/li>\n\n\n\n<li>Silvestre S\u00edvori: Ex interventor de la Agencia Federal de Inteligencia (AFI).<\/li>\n<\/ul>\n\n\n\n<h2 class=\"wp-block-heading\">Otros cargos de relevancia en distintas \u00e1reas<\/h2>\n\n\n\n<p>En otras \u00e1reas del gobierno, tambi\u00e9n se registraron cambios importantes, entre ellos:<\/p>\n\n\n\n<ul class=\"wp-block-list\">\n<li>Mario Russo: Ex ministro de Salud.<\/li>\n\n\n\n<li>Ra\u00fal Marino: Ex secretario de Investigaci\u00f3n, Pol\u00edtica Industrial y Producci\u00f3n en Defensa.<\/li>\n\n\n\n<li>Francisco S\u00e1nchez: Ex secretario de Culto del Ministerio de Relaciones Exteriores.<\/li>\n\n\n\n<li>Osvaldo Giordano: Ex titular de la ANSES.<\/li>\n\n\n\n<li>Marcelo Papandrea: Ex titular de AySA.<\/li>\n\n\n\n<li>Guillermo Ferraro: Ex ministro de Infraestructura, el primero en abandonar la gesti\u00f3n.<\/li>\n<\/ul>\n\n\n\n<h2 class=\"wp-block-heading\">Qui\u00e9n es Gerardo Werthein, el nuevo canciller nombrado por Milei<\/h2>\n\n\n\n<p>Gerardo Werthein, quien asume la Canciller\u00eda tras la salida de Diana Mondino, es un reconocido empresario y diplom\u00e1tico. Se desempe\u00f1aba como embajador argentino en Estados Unidos<\/p>\n\n\n\n<p>Fuente: Noticias Argentinas.<\/p>\n","protected":false},"excerpt":{"rendered":"<p>La reciente salida de la canciller Diana Mondino, quien ser\u00e1 reemplazada por el embajador en Estados Unidos Gerardo Werthein, se suma a una lista de al menos 30 funcionarios que han dejado sus cargos en el gobierno de Javier Milei. Capital Humano, el Ministerio con m\u00e1s salidas El Ministerio de Capital Humano, encabezado por Sandra [&hellip;]<\/p>\n","protected":false},"author":2,"featured_media":19555,"comment_status":"closed","ping_status":"open","sticky":false,"template":"","format":"standard","meta":{"footnotes":""},"categories":[8],"tags":[511],"class_list":{"0":"post-19553","1":"post","2":"type-post","3":"status-publish","4":"format-standard","5":"has-post-thumbnail","7":"category-nacionales","8":"tag-bloque-2"},"_links":{"self":[{"href":"https:\/\/zoomproducciones.com.ar\/zoomp\/wp-json\/wp\/v2\/posts\/19553","targetHints":{"allow":["GET"]}}],"collection":[{"href":"https:\/\/zoomproducciones.com.ar\/zoomp\/wp-json\/wp\/v2\/posts"}],"about":[{"href":"https:\/\/zoomproducciones.com.ar\/zoomp\/wp-json\/wp\/v2\/types\/post"}],"author":[{"embeddable":true,"href":"https:\/\/zoomproducciones.com.ar\/zoomp\/wp-json\/wp\/v2\/users\/2"}],"replies":[{"embeddable":true,"href":"https:\/\/zoomproducciones.com.ar\/zoomp\/wp-json\/wp\/v2\/comments?post=19553"}],"version-history":[{"count":1,"href":"https:\/\/zoomproducciones.com.ar\/zoomp\/wp-json\/wp\/v2\/posts\/19553\/revisions"}],"predecessor-version":[{"id":19558,"href":"https:\/\/zoomproducciones.com.ar\/zoomp\/wp-json\/wp\/v2\/posts\/19553\/revisions\/19558"}],"wp:featuredmedia":[{"embeddable":true,"href":"https:\/\/zoomproducciones.com.ar\/zoomp\/wp-json\/wp\/v2\/media\/19555"}],"wp:attachment":[{"href":"https:\/\/zoomproducciones.com.ar\/zoomp\/wp-json\/wp\/v2\/media?parent=19553"}],"wp:term":[{"taxonomy":"category","embeddable":true,"href":"https:\/\/zoomproducciones.com.ar\/zoomp\/wp-json\/wp\/v2\/categories?post=19553"},{"taxonomy":"post_tag","embeddable":true,"href":"https:\/\/zoomproducciones.com.ar\/zoomp\/wp-json\/wp\/v2\/tags?post=19553"}],"curies":[{"name":"wp","href":"https:\/\/api.w.org\/{rel}","templated":true}]}}