{"id":19528,"date":"2024-10-30T07:58:55","date_gmt":"2024-10-30T10:58:55","guid":{"rendered":"https:\/\/zoomproducciones.com.ar\/zoomp\/?p=19528"},"modified":"2024-10-30T07:58:56","modified_gmt":"2024-10-30T10:58:56","slug":"caso-cecilia-strzyzowski-solamente-cesar-sena-sera-imputado-por-homicidio","status":"publish","type":"post","link":"https:\/\/zoomproducciones.com.ar\/zoomp\/caso-cecilia-strzyzowski-solamente-cesar-sena-sera-imputado-por-homicidio\/","title":{"rendered":"Caso Cecilia Strzyzowski: solamente C\u00e9sar Sena ser\u00e1 imputado por homicidio"},"content":{"rendered":"\n<p>Tras una larga investigaci\u00f3n, los fiscales Juan Mart\u00edn Bogado, Jorge C\u00e1ceres Olivera y Nelia Yael Velazquez elevaron a juicio la causa por el crimen de Cecilia Strzyzowski. C\u00e9sar Sena, Emerenciano Sena y Marcela Acu\u00f1a ser\u00e1n juzgados por un jurado popular.<\/p>\n\n\n\n<p>C\u00e9sar Sena est\u00e1 imputado por \u00abhomicidio doblemente agravado por el v\u00ednculo y por haberse cometido en un contexto de violencia de g\u00e9nero en car\u00e1cter de autor\u00bb, mientras que sus padres, l\u00edderes piqueteros, fueron acusados de ser \u00abpart\u00edcipes primarios\u00bb del mismo delito.<\/p>\n\n\n\n<p>La investigaci\u00f3n determin\u00f3 que C\u00e9sar Sena ser\u00eda el \u00fanico autor material del crimen, mientras que sus padres habr\u00edan facilitado su ejecuci\u00f3n, aunque no participaron directamente en el asesinato.<\/p>\n\n\n\n<p>Esta interpretaci\u00f3n gener\u00f3 controversia, ya que la familia de Cecilia y el gobierno de Leandro Zdero sosten\u00edan que el matrimonio Sena hab\u00eda planeado y ejecutado el crimen en conjunto. Sin embargo, la C\u00e1mara de Apelaciones confirm\u00f3 la acusaci\u00f3n original, manteniendo la distinci\u00f3n entre la participaci\u00f3n de C\u00e9sar Sena y la de sus padres.<\/p>\n\n\n\n<p>Los l\u00edderes piqueteros podr\u00edan enfrentar una pena de prisi\u00f3n perpetua, aunque no se les considera ejecutores directos del crimen, su implicaci\u00f3n es decisiva.<\/p>\n\n\n\n<p>El fiscal Jorge C\u00e1ceres Olivera explic\u00f3 que la causa ya hab\u00eda sido elevada a juicio, pero se retras\u00f3 por la falta de representaci\u00f3n legal de la familia Sena. Con la clausura formal del caso, la Oficina de Juicios Procurados del Superior Tribunal de Justicia se encargar\u00e1 de designar al juez t\u00e9cnico que dirigir\u00e1 el juicio por jurados.<\/p>\n","protected":false},"excerpt":{"rendered":"<p>Tras una larga investigaci\u00f3n, los fiscales Juan Mart\u00edn Bogado, Jorge C\u00e1ceres Olivera y Nelia Yael Velazquez elevaron a juicio la causa por el crimen de Cecilia Strzyzowski. C\u00e9sar Sena, Emerenciano Sena y Marcela Acu\u00f1a ser\u00e1n juzgados por un jurado popular. C\u00e9sar Sena est\u00e1 imputado por \u00abhomicidio doblemente agravado por el v\u00ednculo y por haberse cometido [&hellip;]<\/p>\n","protected":false},"author":2,"featured_media":19530,"comment_status":"closed","ping_status":"open","sticky":false,"template":"","format":"standard","meta":{"footnotes":""},"categories":[8],"tags":[511],"class_list":{"0":"post-19528","1":"post","2":"type-post","3":"status-publish","4":"format-standard","5":"has-post-thumbnail","7":"category-nacionales","8":"tag-bloque-2"},"_links":{"self":[{"href":"https:\/\/zoomproducciones.com.ar\/zoomp\/wp-json\/wp\/v2\/posts\/19528","targetHints":{"allow":["GET"]}}],"collection":[{"href":"https:\/\/zoomproducciones.com.ar\/zoomp\/wp-json\/wp\/v2\/posts"}],"about":[{"href":"https:\/\/zoomproducciones.com.ar\/zoomp\/wp-json\/wp\/v2\/types\/post"}],"author":[{"embeddable":true,"href":"https:\/\/zoomproducciones.com.ar\/zoomp\/wp-json\/wp\/v2\/users\/2"}],"replies":[{"embeddable":true,"href":"https:\/\/zoomproducciones.com.ar\/zoomp\/wp-json\/wp\/v2\/comments?post=19528"}],"version-history":[{"count":1,"href":"https:\/\/zoomproducciones.com.ar\/zoomp\/wp-json\/wp\/v2\/posts\/19528\/revisions"}],"predecessor-version":[{"id":19531,"href":"https:\/\/zoomproducciones.com.ar\/zoomp\/wp-json\/wp\/v2\/posts\/19528\/revisions\/19531"}],"wp:featuredmedia":[{"embeddable":true,"href":"https:\/\/zoomproducciones.com.ar\/zoomp\/wp-json\/wp\/v2\/media\/19530"}],"wp:attachment":[{"href":"https:\/\/zoomproducciones.com.ar\/zoomp\/wp-json\/wp\/v2\/media?parent=19528"}],"wp:term":[{"taxonomy":"category","embeddable":true,"href":"https:\/\/zoomproducciones.com.ar\/zoomp\/wp-json\/wp\/v2\/categories?post=19528"},{"taxonomy":"post_tag","embeddable":true,"href":"https:\/\/zoomproducciones.com.ar\/zoomp\/wp-json\/wp\/v2\/tags?post=19528"}],"curies":[{"name":"wp","href":"https:\/\/api.w.org\/{rel}","templated":true}]}}