{"id":19527,"date":"2024-10-30T07:58:57","date_gmt":"2024-10-30T10:58:57","guid":{"rendered":"https:\/\/zoomproducciones.com.ar\/zoomp\/?p=19527"},"modified":"2024-10-30T07:58:57","modified_gmt":"2024-10-30T10:58:57","slug":"ucr-corrientes-valdes-busca-intervencion-para-normalizar-la-eleccion-que-lo-enfrenta-a-colombi","status":"publish","type":"post","link":"https:\/\/zoomproducciones.com.ar\/zoomp\/ucr-corrientes-valdes-busca-intervencion-para-normalizar-la-eleccion-que-lo-enfrenta-a-colombi\/","title":{"rendered":"UCR Corrientes: Vald\u00e9s busca intervenci\u00f3n para normalizar la elecci\u00f3n que lo enfrenta a Colombi"},"content":{"rendered":"\n<p>El gobernador Gustavo Vald\u00e9s present\u00f3 un pedido formal ante la mesa nacional de la UCR, liderada por Mart\u00edn Lousteau, para que intervenga en el Comit\u00e9 provincial y normalice la elecci\u00f3n interna que lo enfrenta a su antecesor y actual titular del partido, Ricardo Colombi. La decisi\u00f3n se votar\u00e1 ma\u00f1ana mi\u00e9rcoles por la tarde, sumando tensi\u00f3n a la provincia que en 2024 elegir\u00e1 a un nuevo gobernador.<\/p>\n\n\n\n<p>El conflicto comenz\u00f3 con la propuesta de Colombi de posponer las elecciones internas para mayo de 2025, con la intenci\u00f3n de mantener su control sobre la estructura partidaria y asegurar su regreso como candidato a gobernador. Sin embargo, la Justicia Federal con competencia electoral desestim\u00f3 la propuesta.<\/p>\n\n\n\n<p>Vald\u00e9s, quien present\u00f3 la \u00fanica lista en tiempo y forma, fue proclamado ganador por la Junta Electoral del partido. Colombi apel\u00f3 la decisi\u00f3n, y la C\u00e1mara Nacional Electoral (CNE), con voto dividido, hizo lugar a su reclamo, estableciendo las elecciones para mayo de 2025.<\/p>\n\n\n\n<p>El juez federal Juan Carlos Vallejos, con competencia electoral, confirm\u00f3 la decisi\u00f3n de la CNE, dejando en claro que la UCR Corrientes debe respetar el cronograma electoral.<\/p>\n\n\n\n<p>La Junta Electoral partidaria, tras una serie de resoluciones contradictorias, decidi\u00f3 finalmente acatar la decisi\u00f3n judicial, estableciendo el 18 de mayo de 2025 como fecha para la elecci\u00f3n interna.<\/p>\n\n\n\n<p>Vald\u00e9s, quien busca resolver la situaci\u00f3n para avanzar en la definici\u00f3n de alianzas para las elecciones provinciales, solicit\u00f3 la intervenci\u00f3n del Comit\u00e9 Nacional de la UCR, argumentando que la situaci\u00f3n actual afecta el funcionamiento del partido en Corrientes.<\/p>\n\n\n\n<p>La decisi\u00f3n de intervenir el Comit\u00e9 provincial ser\u00e1 tomada ma\u00f1ana mi\u00e9rcoles por la mesa nacional de la UCR, donde se encuentran representados los distintos sectores del partido. Si bien Vald\u00e9s conf\u00eda en la aprobaci\u00f3n de la intervenci\u00f3n, la influencia de Evoluci\u00f3n y Gerardo Morales podr\u00eda complicar la situaci\u00f3n.<\/p>\n\n\n\n<p>La interna de la UCR en Corrientes se da en un contexto de fuerte competencia pol\u00edtica. Vald\u00e9s, aliado de Alfredo Cornejo, y Colombi, cercano a Gerardo Morales, representan los distintos sectores internos del partido a nivel nacional. La disputa por el control del Comit\u00e9 provincial no solo define el futuro de la UCR en Corrientes, sino que tambi\u00e9n es una antesala de la lucha por la Gobernaci\u00f3n en 2024.<\/p>\n\n\n\n<p>Mientras tanto, La Libertad Avanza, con Karina Milei y Mart\u00edn Menem, ya ha comenzado a trabajar en la provincia, apoyando a Lisandro Almir\u00f3n, el \u00fanico libertario con posibilidades de competir en las pr\u00f3ximas elecciones.<\/p>\n\n\n\n<p>El entorno de Vald\u00e9s considera que los libertarios podr\u00edan terminar acerc\u00e1ndose a Camau Esp\u00ednola, quien fue expulsado del PJ local por apoyar a Ley Bases.<\/p>\n\n\n\n<p>Corrientes y Santiago del Estero son las \u00fanicas provincias que deben elegir a nuevo gobernador en 2024. Vald\u00e9s no descarta la posibilidad de postular a su hermano Juan Pablo, pero la decisi\u00f3n final depender\u00e1 del resultado de las encuestas.<\/p>\n\n\n\n<p>Fuente: Infobae.<\/p>\n","protected":false},"excerpt":{"rendered":"<p>El gobernador Gustavo Vald\u00e9s present\u00f3 un pedido formal ante la mesa nacional de la UCR, liderada por Mart\u00edn Lousteau, para que intervenga en el Comit\u00e9 provincial y normalice la elecci\u00f3n interna que lo enfrenta a su antecesor y actual titular del partido, Ricardo Colombi. La decisi\u00f3n se votar\u00e1 ma\u00f1ana mi\u00e9rcoles por la tarde, sumando tensi\u00f3n [&hellip;]<\/p>\n","protected":false},"author":2,"featured_media":19025,"comment_status":"closed","ping_status":"open","sticky":false,"template":"","format":"standard","meta":{"footnotes":""},"categories":[3],"tags":[511],"class_list":{"0":"post-19527","1":"post","2":"type-post","3":"status-publish","4":"format-standard","5":"has-post-thumbnail","7":"category-provinciales","8":"tag-bloque-2"},"_links":{"self":[{"href":"https:\/\/zoomproducciones.com.ar\/zoomp\/wp-json\/wp\/v2\/posts\/19527","targetHints":{"allow":["GET"]}}],"collection":[{"href":"https:\/\/zoomproducciones.com.ar\/zoomp\/wp-json\/wp\/v2\/posts"}],"about":[{"href":"https:\/\/zoomproducciones.com.ar\/zoomp\/wp-json\/wp\/v2\/types\/post"}],"author":[{"embeddable":true,"href":"https:\/\/zoomproducciones.com.ar\/zoomp\/wp-json\/wp\/v2\/users\/2"}],"replies":[{"embeddable":true,"href":"https:\/\/zoomproducciones.com.ar\/zoomp\/wp-json\/wp\/v2\/comments?post=19527"}],"version-history":[{"count":1,"href":"https:\/\/zoomproducciones.com.ar\/zoomp\/wp-json\/wp\/v2\/posts\/19527\/revisions"}],"predecessor-version":[{"id":19532,"href":"https:\/\/zoomproducciones.com.ar\/zoomp\/wp-json\/wp\/v2\/posts\/19527\/revisions\/19532"}],"wp:featuredmedia":[{"embeddable":true,"href":"https:\/\/zoomproducciones.com.ar\/zoomp\/wp-json\/wp\/v2\/media\/19025"}],"wp:attachment":[{"href":"https:\/\/zoomproducciones.com.ar\/zoomp\/wp-json\/wp\/v2\/media?parent=19527"}],"wp:term":[{"taxonomy":"category","embeddable":true,"href":"https:\/\/zoomproducciones.com.ar\/zoomp\/wp-json\/wp\/v2\/categories?post=19527"},{"taxonomy":"post_tag","embeddable":true,"href":"https:\/\/zoomproducciones.com.ar\/zoomp\/wp-json\/wp\/v2\/tags?post=19527"}],"curies":[{"name":"wp","href":"https:\/\/api.w.org\/{rel}","templated":true}]}}