{"id":19526,"date":"2024-10-30T07:58:59","date_gmt":"2024-10-30T10:58:59","guid":{"rendered":"https:\/\/zoomproducciones.com.ar\/zoomp\/?p=19526"},"modified":"2024-10-30T07:59:00","modified_gmt":"2024-10-30T10:59:00","slug":"justicia-ordena-al-gobierno-de-milei-pagar-a-trabajadores-correntinos-despedidos-del-programa-potenciar-trabajo","status":"publish","type":"post","link":"https:\/\/zoomproducciones.com.ar\/zoomp\/justicia-ordena-al-gobierno-de-milei-pagar-a-trabajadores-correntinos-despedidos-del-programa-potenciar-trabajo\/","title":{"rendered":"Justicia ordena al gobierno de Milei pagar a trabajadores correntinos despedidos del programa Potenciar Trabajo"},"content":{"rendered":"\n<p>La C\u00e1mara Federal de Apelaciones de Corrientes emiti\u00f3 este martes un fallo hist\u00f3rico contra el gobierno de Javier Milei por la baja arbitraria de cientos de trabajadores del programa Potenciar Trabajo.<\/p>\n\n\n\n<p>El fallo, firmado por unanimidad por los jueces Mirtha Sotelo, Selva Spessot y Luis Gonz\u00e1lez, obliga al gobierno a pagar a los trabajadores cuatro meses del programa Potenciar, con intereses, desde diciembre de 2023 hasta marzo de 2024 inclusive.<\/p>\n\n\n\n<p>La decisi\u00f3n judicial revoca una sentencia previa del juez Juan Carlos Vallejos y beneficia a ocho familias. Sin embargo, Juan Manuel Cubilla Podest\u00e1, abogado de los damnificados, anunci\u00f3 que tiene m\u00e1s de 100 demandas pendientes en representaci\u00f3n de trabajadores correntinos.<\/p>\n\n\n\n<p>\u00abEs la primera condena de fondo que reciben Milei y Pettovello en todo el pa\u00eds y estamos haciendo justicia\u00bb, afirm\u00f3 Cubilla Podest\u00e1, calificando el fallo como hist\u00f3rico contra \u00abun gobierno que provoca dificultades econ\u00f3micas para la poblaci\u00f3n\u00bb.<\/p>\n\n\n\n<p>Los jueces confirmaron que Milei y Pettovello \u00abmintieron\u00bb al asegurar que los afectados eran empleados p\u00fablicos. En realidad, se trata de trabajadores informales de diferentes rubros como construcci\u00f3n, carpinter\u00eda, costura y limpieza, quienes recibieron el Potenciar Trabajo entre 2022 y 2023.<\/p>\n\n\n\n<p>Cubilla Podest\u00e1 destac\u00f3 que el fallo reconoce la deuda social con intereses y remarc\u00f3 que la justicia ha respondido a la \u00abfalta de sensibilidad del gobierno hacia la dignidad humana\u00bb.<\/p>\n\n\n\n<p>La decisi\u00f3n judicial se produce en un contexto de fuerte cr\u00edtica al gobierno de Milei por la eliminaci\u00f3n de programas sociales y la precarizaci\u00f3n del trabajo.<\/p>\n","protected":false},"excerpt":{"rendered":"<p>La C\u00e1mara Federal de Apelaciones de Corrientes emiti\u00f3 este martes un fallo hist\u00f3rico contra el gobierno de Javier Milei por la baja arbitraria de cientos de trabajadores del programa Potenciar Trabajo. El fallo, firmado por unanimidad por los jueces Mirtha Sotelo, Selva Spessot y Luis Gonz\u00e1lez, obliga al gobierno a pagar a los trabajadores cuatro [&hellip;]<\/p>\n","protected":false},"author":2,"featured_media":19529,"comment_status":"closed","ping_status":"open","sticky":false,"template":"","format":"standard","meta":{"footnotes":""},"categories":[3],"tags":[511],"class_list":{"0":"post-19526","1":"post","2":"type-post","3":"status-publish","4":"format-standard","5":"has-post-thumbnail","7":"category-provinciales","8":"tag-bloque-2"},"_links":{"self":[{"href":"https:\/\/zoomproducciones.com.ar\/zoomp\/wp-json\/wp\/v2\/posts\/19526","targetHints":{"allow":["GET"]}}],"collection":[{"href":"https:\/\/zoomproducciones.com.ar\/zoomp\/wp-json\/wp\/v2\/posts"}],"about":[{"href":"https:\/\/zoomproducciones.com.ar\/zoomp\/wp-json\/wp\/v2\/types\/post"}],"author":[{"embeddable":true,"href":"https:\/\/zoomproducciones.com.ar\/zoomp\/wp-json\/wp\/v2\/users\/2"}],"replies":[{"embeddable":true,"href":"https:\/\/zoomproducciones.com.ar\/zoomp\/wp-json\/wp\/v2\/comments?post=19526"}],"version-history":[{"count":1,"href":"https:\/\/zoomproducciones.com.ar\/zoomp\/wp-json\/wp\/v2\/posts\/19526\/revisions"}],"predecessor-version":[{"id":19533,"href":"https:\/\/zoomproducciones.com.ar\/zoomp\/wp-json\/wp\/v2\/posts\/19526\/revisions\/19533"}],"wp:featuredmedia":[{"embeddable":true,"href":"https:\/\/zoomproducciones.com.ar\/zoomp\/wp-json\/wp\/v2\/media\/19529"}],"wp:attachment":[{"href":"https:\/\/zoomproducciones.com.ar\/zoomp\/wp-json\/wp\/v2\/media?parent=19526"}],"wp:term":[{"taxonomy":"category","embeddable":true,"href":"https:\/\/zoomproducciones.com.ar\/zoomp\/wp-json\/wp\/v2\/categories?post=19526"},{"taxonomy":"post_tag","embeddable":true,"href":"https:\/\/zoomproducciones.com.ar\/zoomp\/wp-json\/wp\/v2\/tags?post=19526"}],"curies":[{"name":"wp","href":"https:\/\/api.w.org\/{rel}","templated":true}]}}