{"id":19518,"date":"2024-10-30T07:36:56","date_gmt":"2024-10-30T10:36:56","guid":{"rendered":"https:\/\/zoomproducciones.com.ar\/zoomp\/?p=19518"},"modified":"2024-10-30T07:36:56","modified_gmt":"2024-10-30T10:36:56","slug":"gobierno-utiliza-la-app-mi-argentina-para-criticar-el-paro-de-transporte-los-sindicalistas-no-te-dejan-trabajar","status":"publish","type":"post","link":"https:\/\/zoomproducciones.com.ar\/zoomp\/gobierno-utiliza-la-app-mi-argentina-para-criticar-el-paro-de-transporte-los-sindicalistas-no-te-dejan-trabajar\/","title":{"rendered":"Gobierno utiliza la app Mi Argentina para criticar el paro de transporte: \u00abLos sindicalistas no te dejan trabajar\u00bb"},"content":{"rendered":"\n<p>En el marco del paro nacional de transporte que se lleva a cabo este mi\u00e9rcoles, con la excepci\u00f3n de la UTA, el Gobierno nacional utiliz\u00f3 la aplicaci\u00f3n Mi Argentina para enviar un mensaje en contra de la medida de fuerza gremial.<\/p>\n\n\n\n<p>La notificaci\u00f3n, que fue recibida por los usuarios de la app el martes, dec\u00eda: \u00abLos sindicalistas no te dejan trabajar. Por medida de fuerza de los gremialistas Moyano y Bir\u00f3 para cuidar sus privilegios, este mi\u00e9rcoles no habr\u00e1 servicio de transporte. Si te obligan a parar, llam\u00e1 al 134\u00bb.<\/p>\n\n\n\n<p>El mismo mensaje tambi\u00e9n se difundi\u00f3 por los altoparlantes de las terminales de trenes. El vocero presidencial, Manuel Adorni, comparti\u00f3 un video en su cuenta de Instagram donde se escucha el aviso en una estaci\u00f3n, acompa\u00f1\u00e1ndolo con la leyenda \u00abFin\u00bb.<\/p>\n\n\n\n<p>La decisi\u00f3n del gobierno de utilizar una herramienta de comunicaci\u00f3n como Mi Argentina para criticar la medida gremial ha generado pol\u00e9mica. Algunos usuarios la consideran una estrategia de comunicaci\u00f3n agresiva, mientras que otros la consideran una forma de informar a la poblaci\u00f3n sobre las consecuencias del paro.<\/p>\n","protected":false},"excerpt":{"rendered":"<p>En el marco del paro nacional de transporte que se lleva a cabo este mi\u00e9rcoles, con la excepci\u00f3n de la UTA, el Gobierno nacional utiliz\u00f3 la aplicaci\u00f3n Mi Argentina para enviar un mensaje en contra de la medida de fuerza gremial. La notificaci\u00f3n, que fue recibida por los usuarios de la app el martes, dec\u00eda: [&hellip;]<\/p>\n","protected":false},"author":2,"featured_media":19521,"comment_status":"closed","ping_status":"open","sticky":false,"template":"","format":"standard","meta":{"footnotes":""},"categories":[8],"tags":[511],"class_list":{"0":"post-19518","1":"post","2":"type-post","3":"status-publish","4":"format-standard","5":"has-post-thumbnail","7":"category-nacionales","8":"tag-bloque-2"},"_links":{"self":[{"href":"https:\/\/zoomproducciones.com.ar\/zoomp\/wp-json\/wp\/v2\/posts\/19518","targetHints":{"allow":["GET"]}}],"collection":[{"href":"https:\/\/zoomproducciones.com.ar\/zoomp\/wp-json\/wp\/v2\/posts"}],"about":[{"href":"https:\/\/zoomproducciones.com.ar\/zoomp\/wp-json\/wp\/v2\/types\/post"}],"author":[{"embeddable":true,"href":"https:\/\/zoomproducciones.com.ar\/zoomp\/wp-json\/wp\/v2\/users\/2"}],"replies":[{"embeddable":true,"href":"https:\/\/zoomproducciones.com.ar\/zoomp\/wp-json\/wp\/v2\/comments?post=19518"}],"version-history":[{"count":1,"href":"https:\/\/zoomproducciones.com.ar\/zoomp\/wp-json\/wp\/v2\/posts\/19518\/revisions"}],"predecessor-version":[{"id":19525,"href":"https:\/\/zoomproducciones.com.ar\/zoomp\/wp-json\/wp\/v2\/posts\/19518\/revisions\/19525"}],"wp:featuredmedia":[{"embeddable":true,"href":"https:\/\/zoomproducciones.com.ar\/zoomp\/wp-json\/wp\/v2\/media\/19521"}],"wp:attachment":[{"href":"https:\/\/zoomproducciones.com.ar\/zoomp\/wp-json\/wp\/v2\/media?parent=19518"}],"wp:term":[{"taxonomy":"category","embeddable":true,"href":"https:\/\/zoomproducciones.com.ar\/zoomp\/wp-json\/wp\/v2\/categories?post=19518"},{"taxonomy":"post_tag","embeddable":true,"href":"https:\/\/zoomproducciones.com.ar\/zoomp\/wp-json\/wp\/v2\/tags?post=19518"}],"curies":[{"name":"wp","href":"https:\/\/api.w.org\/{rel}","templated":true}]}}