{"id":19512,"date":"2024-10-30T07:24:06","date_gmt":"2024-10-30T10:24:06","guid":{"rendered":"https:\/\/zoomproducciones.com.ar\/zoomp\/?p=19512"},"modified":"2024-10-30T07:24:07","modified_gmt":"2024-10-30T10:24:07","slug":"la-fiscalia-pide-penas-de-20-a-8-anos-de-prision-para-los-acusados-por-la-muerte-de-matias-chirino","status":"publish","type":"post","link":"https:\/\/zoomproducciones.com.ar\/zoomp\/la-fiscalia-pide-penas-de-20-a-8-anos-de-prision-para-los-acusados-por-la-muerte-de-matias-chirino\/","title":{"rendered":"La fiscal\u00eda pide penas de 20 a 8 a\u00f1os de prisi\u00f3n para los acusados por la muerte de Mat\u00edas Chirino"},"content":{"rendered":"\n<p>El Ministerio P\u00fablico Fiscal de la Naci\u00f3n solicit\u00f3 este martes condenas de entre 20 y 8 a\u00f1os de prisi\u00f3n para los nueve militares acusados en el juicio por la muerte del subteniente Mat\u00edas Chirino, ocurrida en junio de 2022 en Paso de los Libres, Corrientes.<\/p>\n\n\n\n<p>Durante la audiencia, los fiscales An\u00edbal Fabi\u00e1n Mart\u00ednez, Tamara Pourcel y Carlos Schaefer calificaron el trato que recibieron Chirino y sus compa\u00f1eros de promoci\u00f3n Jorge Chaile y Rufino Ezequiel Meza durante el ritual de bienvenida al Grupo de Artiller\u00eda de Monte 3 como \u00abinhumano, salvaje y con desprecio a la vida\u00bb.<\/p>\n\n\n\n<p>Seg\u00fan la acusaci\u00f3n, el fallecimiento de Chirino fue un homicidio doloso con abuso de autoridad, por lo que el fiscal general Schaefer solicit\u00f3 las siguientes penas:<\/p>\n\n\n\n<ul class=\"wp-block-list\">\n<li>Capit\u00e1n Claudio Andr\u00e9s Luna: 20 a\u00f1os de prisi\u00f3n<\/li>\n\n\n\n<li>Capit\u00e1n Rub\u00e9n Dar\u00edo Ruiz: 20 a\u00f1os de prisi\u00f3n<\/li>\n\n\n\n<li>Capit\u00e1n Hugo Reclus Mart\u00ednez Tarraga: 20 a\u00f1os de prisi\u00f3n<\/li>\n\n\n\n<li>Teniente primero Dar\u00edo Emanuel Mart\u00ednez: 20 a\u00f1os de prisi\u00f3n<\/li>\n\n\n\n<li>Teniente Emanuel Ezequiel Aguilar: 20 a\u00f1os de prisi\u00f3n<\/li>\n\n\n\n<li>Subteniente Gerardo Sebasti\u00e1n Bautista: 20 a\u00f1os de prisi\u00f3n<\/li>\n\n\n\n<li>Subteniente Luis Facundo Acosta: 20 a\u00f1os de prisi\u00f3n<\/li>\n<\/ul>\n\n\n\n<p>Todos ellos fueron acusados como coautores de los delitos de homicidio simple y abuso de autoridad.<\/p>\n\n\n\n<p>Por otro lado, el fiscal solicit\u00f3 ocho a\u00f1os de prisi\u00f3n, accesorias y costas para el teniente Franco Dami\u00e1n Grupico y la subteniente Claudia Cayata, como part\u00edcipes secundarios.<\/p>\n\n\n\n<p>La querella, que representa a la familia Chirino, hab\u00eda solicitado penas de entre 21 y 9 a\u00f1os de prisi\u00f3n e inhabilitaci\u00f3n perpetua para los acusados.<\/p>\n\n\n\n<p>Fuente: El Litoral.<\/p>\n","protected":false},"excerpt":{"rendered":"<p>El Ministerio P\u00fablico Fiscal de la Naci\u00f3n solicit\u00f3 este martes condenas de entre 20 y 8 a\u00f1os de prisi\u00f3n para los nueve militares acusados en el juicio por la muerte del subteniente Mat\u00edas Chirino, ocurrida en junio de 2022 en Paso de los Libres, Corrientes. Durante la audiencia, los fiscales An\u00edbal Fabi\u00e1n Mart\u00ednez, Tamara Pourcel [&hellip;]<\/p>\n","protected":false},"author":2,"featured_media":19513,"comment_status":"closed","ping_status":"open","sticky":false,"template":"","format":"standard","meta":{"footnotes":""},"categories":[8],"tags":[42],"class_list":{"0":"post-19512","1":"post","2":"type-post","3":"status-publish","4":"format-standard","5":"has-post-thumbnail","7":"category-nacionales","8":"tag-featured"},"_links":{"self":[{"href":"https:\/\/zoomproducciones.com.ar\/zoomp\/wp-json\/wp\/v2\/posts\/19512","targetHints":{"allow":["GET"]}}],"collection":[{"href":"https:\/\/zoomproducciones.com.ar\/zoomp\/wp-json\/wp\/v2\/posts"}],"about":[{"href":"https:\/\/zoomproducciones.com.ar\/zoomp\/wp-json\/wp\/v2\/types\/post"}],"author":[{"embeddable":true,"href":"https:\/\/zoomproducciones.com.ar\/zoomp\/wp-json\/wp\/v2\/users\/2"}],"replies":[{"embeddable":true,"href":"https:\/\/zoomproducciones.com.ar\/zoomp\/wp-json\/wp\/v2\/comments?post=19512"}],"version-history":[{"count":1,"href":"https:\/\/zoomproducciones.com.ar\/zoomp\/wp-json\/wp\/v2\/posts\/19512\/revisions"}],"predecessor-version":[{"id":19516,"href":"https:\/\/zoomproducciones.com.ar\/zoomp\/wp-json\/wp\/v2\/posts\/19512\/revisions\/19516"}],"wp:featuredmedia":[{"embeddable":true,"href":"https:\/\/zoomproducciones.com.ar\/zoomp\/wp-json\/wp\/v2\/media\/19513"}],"wp:attachment":[{"href":"https:\/\/zoomproducciones.com.ar\/zoomp\/wp-json\/wp\/v2\/media?parent=19512"}],"wp:term":[{"taxonomy":"category","embeddable":true,"href":"https:\/\/zoomproducciones.com.ar\/zoomp\/wp-json\/wp\/v2\/categories?post=19512"},{"taxonomy":"post_tag","embeddable":true,"href":"https:\/\/zoomproducciones.com.ar\/zoomp\/wp-json\/wp\/v2\/tags?post=19512"}],"curies":[{"name":"wp","href":"https:\/\/api.w.org\/{rel}","templated":true}]}}