{"id":19508,"date":"2024-10-30T07:24:04","date_gmt":"2024-10-30T10:24:04","guid":{"rendered":"https:\/\/zoomproducciones.com.ar\/zoomp\/?p=19508"},"modified":"2024-10-30T07:24:05","modified_gmt":"2024-10-30T10:24:05","slug":"operativo-de-control-en-paso-de-los-libres-secuestran-vehiculo-con-animales-faenados-y-detuvieron-a-dos-personas","status":"publish","type":"post","link":"https:\/\/zoomproducciones.com.ar\/zoomp\/operativo-de-control-en-paso-de-los-libres-secuestran-vehiculo-con-animales-faenados-y-detuvieron-a-dos-personas\/","title":{"rendered":"Operativo de control en Paso de los Libres: secuestran veh\u00edculo con animales faenados y detuvieron a dos personas"},"content":{"rendered":"\n<p>Un operativo de control vehicular en Paso de los Libres, llevado a cabo por el Grupo T\u00e1ctico Operativo (GTO) de la Unidad Regional IV en coordinaci\u00f3n con la Direcci\u00f3n General de Grupos Especiales, result\u00f3 en la detenci\u00f3n de dos personas y el secuestro de un veh\u00edculo. <\/p>\n\n\n\n<p>El operativo, dirigido por el comisario mayor Lorenzo Dami\u00e1n Baroni, se despleg\u00f3 sobre las rutas nacionales 14 y 123, en la jurisdicci\u00f3n de la Comisar\u00eda 2\u00aa de Paso de los Libres.<\/p>\n\n\n\n<iframe loading=\"lazy\" src=\"https:\/\/www.facebook.com\/plugins\/video.php?height=476&#038;href=https%3A%2F%2Fwww.facebook.com%2F100085270121045%2Fvideos%2F1186806899057443%2F&#038;show_text=false&#038;width=473&#038;t=0\" width=\"473\" height=\"476\" style=\"border:none;overflow:hidden\" scrolling=\"no\" frameborder=\"0\" allowfullscreen=\"true\" allow=\"autoplay; clipboard-write; encrypted-media; picture-in-picture; web-share\" allowFullScreen=\"true\"><\/iframe>\n\n\n\n<p>Durante los controles, las autoridades interceptaron un veh\u00edculo que transportaba animales faenados sin la autorizaci\u00f3n correspondiente para la caza. Tras el hallazgo, dos hombres mayores de edad fueron aprehendidos y se notific\u00f3 al magistrado interviniente. Adem\u00e1s, personal de la Unidad Especial de Seguridad Rural y Ecol\u00f3gica (UESR y E.) se present\u00f3 en el lugar para colaborar en el procedimiento.<\/p>\n","protected":false},"excerpt":{"rendered":"<p>Un operativo de control vehicular en Paso de los Libres, llevado a cabo por el Grupo T\u00e1ctico Operativo (GTO) de la Unidad Regional IV en coordinaci\u00f3n con la Direcci\u00f3n General de Grupos Especiales, result\u00f3 en la detenci\u00f3n de dos personas y el secuestro de un veh\u00edculo. El operativo, dirigido por el comisario mayor Lorenzo Dami\u00e1n [&hellip;]<\/p>\n","protected":false},"author":2,"featured_media":19509,"comment_status":"closed","ping_status":"open","sticky":false,"template":"","format":"standard","meta":{"footnotes":""},"categories":[5],"tags":[42],"class_list":{"0":"post-19508","1":"post","2":"type-post","3":"status-publish","4":"format-standard","5":"has-post-thumbnail","7":"category-locales","8":"tag-featured"},"_links":{"self":[{"href":"https:\/\/zoomproducciones.com.ar\/zoomp\/wp-json\/wp\/v2\/posts\/19508","targetHints":{"allow":["GET"]}}],"collection":[{"href":"https:\/\/zoomproducciones.com.ar\/zoomp\/wp-json\/wp\/v2\/posts"}],"about":[{"href":"https:\/\/zoomproducciones.com.ar\/zoomp\/wp-json\/wp\/v2\/types\/post"}],"author":[{"embeddable":true,"href":"https:\/\/zoomproducciones.com.ar\/zoomp\/wp-json\/wp\/v2\/users\/2"}],"replies":[{"embeddable":true,"href":"https:\/\/zoomproducciones.com.ar\/zoomp\/wp-json\/wp\/v2\/comments?post=19508"}],"version-history":[{"count":1,"href":"https:\/\/zoomproducciones.com.ar\/zoomp\/wp-json\/wp\/v2\/posts\/19508\/revisions"}],"predecessor-version":[{"id":19515,"href":"https:\/\/zoomproducciones.com.ar\/zoomp\/wp-json\/wp\/v2\/posts\/19508\/revisions\/19515"}],"wp:featuredmedia":[{"embeddable":true,"href":"https:\/\/zoomproducciones.com.ar\/zoomp\/wp-json\/wp\/v2\/media\/19509"}],"wp:attachment":[{"href":"https:\/\/zoomproducciones.com.ar\/zoomp\/wp-json\/wp\/v2\/media?parent=19508"}],"wp:term":[{"taxonomy":"category","embeddable":true,"href":"https:\/\/zoomproducciones.com.ar\/zoomp\/wp-json\/wp\/v2\/categories?post=19508"},{"taxonomy":"post_tag","embeddable":true,"href":"https:\/\/zoomproducciones.com.ar\/zoomp\/wp-json\/wp\/v2\/tags?post=19508"}],"curies":[{"name":"wp","href":"https:\/\/api.w.org\/{rel}","templated":true}]}}