{"id":19505,"date":"2024-10-29T07:58:12","date_gmt":"2024-10-29T10:58:12","guid":{"rendered":"https:\/\/zoomproducciones.com.ar\/zoomp\/?p=19505"},"modified":"2024-10-29T07:58:13","modified_gmt":"2024-10-29T10:58:13","slug":"uta-corrientes-no-se-suma-al-paro-nacional-de-transporte","status":"publish","type":"post","link":"https:\/\/zoomproducciones.com.ar\/zoomp\/uta-corrientes-no-se-suma-al-paro-nacional-de-transporte\/","title":{"rendered":"UTA Corrientes no se suma al paro nacional de transporte"},"content":{"rendered":"\n<p>La Uni\u00f3n de Transporte Automotor (UTA) de Corrientes ha confirmado que no se sumar\u00e1 al paro nacional de transporte previsto para este martes 29 de octubre, un d\u00eda despu\u00e9s de la huelga general que impulsa el ala m\u00e1s combativa de la CGT, liderada por Hugo Moyano.<\/p>\n\n\n\n<p>Jos\u00e9 Luis Sabao, Secretario General de la UTA Corrientes, manifest\u00f3 en di\u00e1logo con Radio Sudamericana que la filial provincial no se adhiere a la medida de fuerza.<\/p>\n\n\n\n<p>Sin embargo, Sabao aclar\u00f3 que la UTA Corrientes permanece atenta a las decisiones que se tomen a nivel nacional y se mantienen a la espera de informaci\u00f3n oficial del gremio.<\/p>\n","protected":false},"excerpt":{"rendered":"<p>La Uni\u00f3n de Transporte Automotor (UTA) de Corrientes ha confirmado que no se sumar\u00e1 al paro nacional de transporte previsto para este martes 29 de octubre, un d\u00eda despu\u00e9s de la huelga general que impulsa el ala m\u00e1s combativa de la CGT, liderada por Hugo Moyano. Jos\u00e9 Luis Sabao, Secretario General de la UTA Corrientes, [&hellip;]<\/p>\n","protected":false},"author":2,"featured_media":19506,"comment_status":"closed","ping_status":"open","sticky":false,"template":"","format":"standard","meta":{"footnotes":""},"categories":[3],"tags":[511],"class_list":{"0":"post-19505","1":"post","2":"type-post","3":"status-publish","4":"format-standard","5":"has-post-thumbnail","7":"category-provinciales","8":"tag-bloque-2"},"_links":{"self":[{"href":"https:\/\/zoomproducciones.com.ar\/zoomp\/wp-json\/wp\/v2\/posts\/19505","targetHints":{"allow":["GET"]}}],"collection":[{"href":"https:\/\/zoomproducciones.com.ar\/zoomp\/wp-json\/wp\/v2\/posts"}],"about":[{"href":"https:\/\/zoomproducciones.com.ar\/zoomp\/wp-json\/wp\/v2\/types\/post"}],"author":[{"embeddable":true,"href":"https:\/\/zoomproducciones.com.ar\/zoomp\/wp-json\/wp\/v2\/users\/2"}],"replies":[{"embeddable":true,"href":"https:\/\/zoomproducciones.com.ar\/zoomp\/wp-json\/wp\/v2\/comments?post=19505"}],"version-history":[{"count":1,"href":"https:\/\/zoomproducciones.com.ar\/zoomp\/wp-json\/wp\/v2\/posts\/19505\/revisions"}],"predecessor-version":[{"id":19507,"href":"https:\/\/zoomproducciones.com.ar\/zoomp\/wp-json\/wp\/v2\/posts\/19505\/revisions\/19507"}],"wp:featuredmedia":[{"embeddable":true,"href":"https:\/\/zoomproducciones.com.ar\/zoomp\/wp-json\/wp\/v2\/media\/19506"}],"wp:attachment":[{"href":"https:\/\/zoomproducciones.com.ar\/zoomp\/wp-json\/wp\/v2\/media?parent=19505"}],"wp:term":[{"taxonomy":"category","embeddable":true,"href":"https:\/\/zoomproducciones.com.ar\/zoomp\/wp-json\/wp\/v2\/categories?post=19505"},{"taxonomy":"post_tag","embeddable":true,"href":"https:\/\/zoomproducciones.com.ar\/zoomp\/wp-json\/wp\/v2\/tags?post=19505"}],"curies":[{"name":"wp","href":"https:\/\/api.w.org\/{rel}","templated":true}]}}