{"id":19498,"date":"2024-10-29T07:55:22","date_gmt":"2024-10-29T10:55:22","guid":{"rendered":"https:\/\/zoomproducciones.com.ar\/zoomp\/?p=19498"},"modified":"2024-10-29T07:55:22","modified_gmt":"2024-10-29T10:55:22","slug":"valdes-preside-la-primera-reunion-tecnica-de-la-region-litoral-energia-y-transporte-en-agenda","status":"publish","type":"post","link":"https:\/\/zoomproducciones.com.ar\/zoomp\/valdes-preside-la-primera-reunion-tecnica-de-la-region-litoral-energia-y-transporte-en-agenda\/","title":{"rendered":"Vald\u00e9s preside la primera reuni\u00f3n t\u00e9cnica de la Regi\u00f3n Litoral: Energ\u00eda y Transporte en agenda"},"content":{"rendered":"\n<p>l gobernador Gustavo Vald\u00e9s, en su calidad de presidente pro tempore, inaugurar\u00e1 este martes 29 de octubre la primera reuni\u00f3n t\u00e9cnica de la Regi\u00f3n Litoral, que re\u00fane a las provincias de Corrientes, Santa Fe, Entre R\u00edos, Chaco, Misiones y Formosa.<\/p>\n\n\n\n<p>El encuentro, que se llevar\u00e1 a cabo en el Centro de Convenciones a partir de las 9:30, estar\u00e1 enfocado en la elaboraci\u00f3n de estrategias conjuntas para el desarrollo regional en los \u00e1mbitos de la energ\u00eda y el transporte.<\/p>\n\n\n\n<p>El ministro de Hacienda y Finanzas, Marcelo Rivas Piasentini, coordinar\u00e1 las mesas de trabajo donde representantes t\u00e9cnicos de cada provincia analizar\u00e1n las necesidades y oportunidades en estas \u00e1reas estrat\u00e9gicas.<\/p>\n\n\n\n<p>Al finalizar las deliberaciones, las conclusiones ser\u00e1n presentadas al gobernador Vald\u00e9s. Cabe recordar que la Regi\u00f3n Litoral se constituy\u00f3 formalmente el pasado 16 de octubre en la ciudad de Santa Fe, tras un proceso que comenz\u00f3 con un primer encuentro de gobernadores el 19 de septiembre en Bella Vista, Corrientes.<\/p>\n\n\n\n<p>Esta primera reuni\u00f3n t\u00e9cnica busca fortalecer el trabajo conjunto entre las provincias de la regi\u00f3n, buscando soluciones y pol\u00edticas p\u00fablicas que impulsen el desarrollo econ\u00f3mico y social del Litoral.<\/p>\n\n\n\n<p>Fuente: Radio Sudamericana.<\/p>\n","protected":false},"excerpt":{"rendered":"<p>l gobernador Gustavo Vald\u00e9s, en su calidad de presidente pro tempore, inaugurar\u00e1 este martes 29 de octubre la primera reuni\u00f3n t\u00e9cnica de la Regi\u00f3n Litoral, que re\u00fane a las provincias de Corrientes, Santa Fe, Entre R\u00edos, Chaco, Misiones y Formosa. El encuentro, que se llevar\u00e1 a cabo en el Centro de Convenciones a partir de [&hellip;]<\/p>\n","protected":false},"author":2,"featured_media":19500,"comment_status":"closed","ping_status":"open","sticky":false,"template":"","format":"standard","meta":{"footnotes":""},"categories":[3],"tags":[511],"class_list":{"0":"post-19498","1":"post","2":"type-post","3":"status-publish","4":"format-standard","5":"has-post-thumbnail","7":"category-provinciales","8":"tag-bloque-2"},"_links":{"self":[{"href":"https:\/\/zoomproducciones.com.ar\/zoomp\/wp-json\/wp\/v2\/posts\/19498","targetHints":{"allow":["GET"]}}],"collection":[{"href":"https:\/\/zoomproducciones.com.ar\/zoomp\/wp-json\/wp\/v2\/posts"}],"about":[{"href":"https:\/\/zoomproducciones.com.ar\/zoomp\/wp-json\/wp\/v2\/types\/post"}],"author":[{"embeddable":true,"href":"https:\/\/zoomproducciones.com.ar\/zoomp\/wp-json\/wp\/v2\/users\/2"}],"replies":[{"embeddable":true,"href":"https:\/\/zoomproducciones.com.ar\/zoomp\/wp-json\/wp\/v2\/comments?post=19498"}],"version-history":[{"count":1,"href":"https:\/\/zoomproducciones.com.ar\/zoomp\/wp-json\/wp\/v2\/posts\/19498\/revisions"}],"predecessor-version":[{"id":19503,"href":"https:\/\/zoomproducciones.com.ar\/zoomp\/wp-json\/wp\/v2\/posts\/19498\/revisions\/19503"}],"wp:featuredmedia":[{"embeddable":true,"href":"https:\/\/zoomproducciones.com.ar\/zoomp\/wp-json\/wp\/v2\/media\/19500"}],"wp:attachment":[{"href":"https:\/\/zoomproducciones.com.ar\/zoomp\/wp-json\/wp\/v2\/media?parent=19498"}],"wp:term":[{"taxonomy":"category","embeddable":true,"href":"https:\/\/zoomproducciones.com.ar\/zoomp\/wp-json\/wp\/v2\/categories?post=19498"},{"taxonomy":"post_tag","embeddable":true,"href":"https:\/\/zoomproducciones.com.ar\/zoomp\/wp-json\/wp\/v2\/tags?post=19498"}],"curies":[{"name":"wp","href":"https:\/\/api.w.org\/{rel}","templated":true}]}}