{"id":19495,"date":"2024-10-29T07:55:18","date_gmt":"2024-10-29T10:55:18","guid":{"rendered":"https:\/\/zoomproducciones.com.ar\/zoomp\/?p=19495"},"modified":"2024-10-29T07:55:19","modified_gmt":"2024-10-29T10:55:19","slug":"desaparicion-de-loan-dos-abogados-mediaticos-quedaron-afuera-del-caso","status":"publish","type":"post","link":"https:\/\/zoomproducciones.com.ar\/zoomp\/desaparicion-de-loan-dos-abogados-mediaticos-quedaron-afuera-del-caso\/","title":{"rendered":"Desaparici\u00f3n de Loan: dos abogados medi\u00e1ticos quedaron afuera del caso"},"content":{"rendered":"\n<p>La causa por la desaparici\u00f3n de Loan Danilo Pe\u00f1a (5) sigue dando giros inesperados. En un nuevo acontecimiento, los imputados en el caso, Bernardino Antonio Ben\u00edtez (38) y Walter Adri\u00e1n Maciel (45), decidieron cambiar de representaci\u00f3n legal.<\/p>\n\n\n\n<p>Ben\u00edtez, quien inicialmente ten\u00eda un defensor oficial, ahora busca una nueva defensa. Mientras tanto, Maciel, ex comisario de 9 de Julio, contrat\u00f3 los servicios del abogado correntino Richard Vallejos.<\/p>\n\n\n\n<p>Laudelina Pe\u00f1a (45), esposa del t\u00edo del ni\u00f1o, tambi\u00e9n ha dado un giro en su defensa. Tras un breve escrito manuscrito, ha decidido desistir del patrocinio del abogado chaque\u00f1o Ricardo Osuna. Osuna, quien se encontraba de vacaciones cuando recibi\u00f3 la noticia, explic\u00f3 que la decisi\u00f3n de Pe\u00f1a podr\u00eda estar relacionada con la falta de resoluci\u00f3n sobre la situaci\u00f3n procesal de los detenidos por parte de la jueza federal Cristina Pozzer Penzo.<\/p>\n\n\n\n<p>El abogado medi\u00e1tico Miguel \u00c1ngel Pierri, quien tambi\u00e9n se encontraba representando a Maciel, confirm\u00f3 que ya hab\u00eda decidido retirarse del caso antes de la \u00faltima audiencia.<\/p>\n\n\n\n<p>Estos cambios en las defensas legales se producen en medio de un operativo policial en una finca de Loma Alta, en Mburucuy\u00e1, donde una ni\u00f1a revel\u00f3 que su padre hab\u00eda enterrado a un ni\u00f1o. Los investigadores, sin encontrar pruebas, descartaron la posibilidad de que se tratara de Loan.<\/p>\n\n\n\n<p>La semana pasada, la C\u00e1mara Federal de Corrientes tom\u00f3 varias decisiones en la causa Loan. Liber\u00f3 a siete de las nueve personas que hab\u00edan llegado a 9 de Julio alegando haber sido enviadas por la Fundaci\u00f3n Lucio Dupuy para asistir a los familiares de algunos detenidos, y extendi\u00f3 hasta el 19 de marzo del a\u00f1o que viene la investigaci\u00f3n.<\/p>\n\n\n\n<p>Con estos nuevos movimientos, la jueza Pozzer Penzo tiene cuatro meses m\u00e1s para intentar determinar el rol de cada uno de los siete detenidos por la desaparici\u00f3n de Loan.<\/p>\n\n\n\n<p>Los imputados en el caso son: Bernardino Antonio Ben\u00edtez, Daniel Oscar \u00abFierrito\u00bb Ram\u00edrez (49), M\u00f3nica del Carmen Millapi (35), Mar\u00eda Victoria Caillava (53), Carlos Guido P\u00e9rez (63), Laudelina Pe\u00f1a y Walter Adri\u00e1n Maciel, quienes se encuentran alojados en diferentes penales federales.<\/p>\n","protected":false},"excerpt":{"rendered":"<p>La causa por la desaparici\u00f3n de Loan Danilo Pe\u00f1a (5) sigue dando giros inesperados. En un nuevo acontecimiento, los imputados en el caso, Bernardino Antonio Ben\u00edtez (38) y Walter Adri\u00e1n Maciel (45), decidieron cambiar de representaci\u00f3n legal. Ben\u00edtez, quien inicialmente ten\u00eda un defensor oficial, ahora busca una nueva defensa. Mientras tanto, Maciel, ex comisario de [&hellip;]<\/p>\n","protected":false},"author":2,"featured_media":19496,"comment_status":"closed","ping_status":"open","sticky":false,"template":"","format":"standard","meta":{"footnotes":""},"categories":[533],"tags":[511],"class_list":{"0":"post-19495","1":"post","2":"type-post","3":"status-publish","4":"format-standard","5":"has-post-thumbnail","7":"category-caso-loan","8":"tag-bloque-2"},"_links":{"self":[{"href":"https:\/\/zoomproducciones.com.ar\/zoomp\/wp-json\/wp\/v2\/posts\/19495","targetHints":{"allow":["GET"]}}],"collection":[{"href":"https:\/\/zoomproducciones.com.ar\/zoomp\/wp-json\/wp\/v2\/posts"}],"about":[{"href":"https:\/\/zoomproducciones.com.ar\/zoomp\/wp-json\/wp\/v2\/types\/post"}],"author":[{"embeddable":true,"href":"https:\/\/zoomproducciones.com.ar\/zoomp\/wp-json\/wp\/v2\/users\/2"}],"replies":[{"embeddable":true,"href":"https:\/\/zoomproducciones.com.ar\/zoomp\/wp-json\/wp\/v2\/comments?post=19495"}],"version-history":[{"count":1,"href":"https:\/\/zoomproducciones.com.ar\/zoomp\/wp-json\/wp\/v2\/posts\/19495\/revisions"}],"predecessor-version":[{"id":19501,"href":"https:\/\/zoomproducciones.com.ar\/zoomp\/wp-json\/wp\/v2\/posts\/19495\/revisions\/19501"}],"wp:featuredmedia":[{"embeddable":true,"href":"https:\/\/zoomproducciones.com.ar\/zoomp\/wp-json\/wp\/v2\/media\/19496"}],"wp:attachment":[{"href":"https:\/\/zoomproducciones.com.ar\/zoomp\/wp-json\/wp\/v2\/media?parent=19495"}],"wp:term":[{"taxonomy":"category","embeddable":true,"href":"https:\/\/zoomproducciones.com.ar\/zoomp\/wp-json\/wp\/v2\/categories?post=19495"},{"taxonomy":"post_tag","embeddable":true,"href":"https:\/\/zoomproducciones.com.ar\/zoomp\/wp-json\/wp\/v2\/tags?post=19495"}],"curies":[{"name":"wp","href":"https:\/\/api.w.org\/{rel}","templated":true}]}}