{"id":19491,"date":"2024-10-29T07:38:51","date_gmt":"2024-10-29T10:38:51","guid":{"rendered":"https:\/\/zoomproducciones.com.ar\/zoomp\/?p=19491"},"modified":"2024-10-29T07:38:53","modified_gmt":"2024-10-29T10:38:53","slug":"milei-califica-como-un-gran-escandalo-la-negativa-de-la-uba-a-ser-auditada","status":"publish","type":"post","link":"https:\/\/zoomproducciones.com.ar\/zoomp\/milei-califica-como-un-gran-escandalo-la-negativa-de-la-uba-a-ser-auditada\/","title":{"rendered":"Milei califica como \u00abun gran esc\u00e1ndalo\u00bb la negativa de la UBA a ser auditada"},"content":{"rendered":"\n<p>El presidente Javier Milei calific\u00f3 este martes como \u00abun gran esc\u00e1ndalo\u00bb la negativa de la Universidad de Buenos Aires (UBA) a ser auditada por la Sindicatura General de la Naci\u00f3n (SIGEN). El mensaje llega despu\u00e9s de que el rector de la UBA, Ricardo Gelpi, anunciara que recurrir\u00e1n a la Justicia para determinar qu\u00e9 organismo debe llevar a cabo la auditor\u00eda.<\/p>\n\n\n\n<p>En un posteo en su cuenta de X, Milei pregunt\u00f3: \u00ab\u00bfEst\u00e1 claro que la negaci\u00f3n por parte de la UBA a ser auditada es un gran esc\u00e1ndalo?\u00bb.<\/p>\n\n\n\n<p>\u00abEn definitiva, movilizaron recursos de todo tipo para montar las marchas y usaron a los estudiantes en todo el pa\u00eds (con mentiras) para que no tuvieran que dar cuentas de sus gastos\u00bb, acus\u00f3 el mandatario.<\/p>\n\n\n\n<p>Cabe destacar que la SIGEN present\u00f3 este lunes la documentaci\u00f3n para iniciar las auditor\u00edas en la UBA, pero un empleado tuvo que entregarla de forma presencial debido a la falta de respuesta por parte de las autoridades de la universidad.<\/p>\n","protected":false},"excerpt":{"rendered":"<p>El presidente Javier Milei calific\u00f3 este martes como \u00abun gran esc\u00e1ndalo\u00bb la negativa de la Universidad de Buenos Aires (UBA) a ser auditada por la Sindicatura General de la Naci\u00f3n (SIGEN). El mensaje llega despu\u00e9s de que el rector de la UBA, Ricardo Gelpi, anunciara que recurrir\u00e1n a la Justicia para determinar qu\u00e9 organismo debe [&hellip;]<\/p>\n","protected":false},"author":2,"featured_media":19389,"comment_status":"closed","ping_status":"open","sticky":false,"template":"","format":"standard","meta":{"footnotes":""},"categories":[8],"tags":[511],"class_list":{"0":"post-19491","1":"post","2":"type-post","3":"status-publish","4":"format-standard","5":"has-post-thumbnail","7":"category-nacionales","8":"tag-bloque-2"},"_links":{"self":[{"href":"https:\/\/zoomproducciones.com.ar\/zoomp\/wp-json\/wp\/v2\/posts\/19491","targetHints":{"allow":["GET"]}}],"collection":[{"href":"https:\/\/zoomproducciones.com.ar\/zoomp\/wp-json\/wp\/v2\/posts"}],"about":[{"href":"https:\/\/zoomproducciones.com.ar\/zoomp\/wp-json\/wp\/v2\/types\/post"}],"author":[{"embeddable":true,"href":"https:\/\/zoomproducciones.com.ar\/zoomp\/wp-json\/wp\/v2\/users\/2"}],"replies":[{"embeddable":true,"href":"https:\/\/zoomproducciones.com.ar\/zoomp\/wp-json\/wp\/v2\/comments?post=19491"}],"version-history":[{"count":1,"href":"https:\/\/zoomproducciones.com.ar\/zoomp\/wp-json\/wp\/v2\/posts\/19491\/revisions"}],"predecessor-version":[{"id":19494,"href":"https:\/\/zoomproducciones.com.ar\/zoomp\/wp-json\/wp\/v2\/posts\/19491\/revisions\/19494"}],"wp:featuredmedia":[{"embeddable":true,"href":"https:\/\/zoomproducciones.com.ar\/zoomp\/wp-json\/wp\/v2\/media\/19389"}],"wp:attachment":[{"href":"https:\/\/zoomproducciones.com.ar\/zoomp\/wp-json\/wp\/v2\/media?parent=19491"}],"wp:term":[{"taxonomy":"category","embeddable":true,"href":"https:\/\/zoomproducciones.com.ar\/zoomp\/wp-json\/wp\/v2\/categories?post=19491"},{"taxonomy":"post_tag","embeddable":true,"href":"https:\/\/zoomproducciones.com.ar\/zoomp\/wp-json\/wp\/v2\/tags?post=19491"}],"curies":[{"name":"wp","href":"https:\/\/api.w.org\/{rel}","templated":true}]}}