{"id":19474,"date":"2024-10-29T07:26:16","date_gmt":"2024-10-29T10:26:16","guid":{"rendered":"https:\/\/zoomproducciones.com.ar\/zoomp\/?p=19474"},"modified":"2024-10-29T07:26:17","modified_gmt":"2024-10-29T10:26:17","slug":"valdes-sobre-la-suspension-de-la-interna-hay-un-sector-que-se-niega-a-votar-porque-pierde-escandalosamente","status":"publish","type":"post","link":"https:\/\/zoomproducciones.com.ar\/zoomp\/valdes-sobre-la-suspension-de-la-interna-hay-un-sector-que-se-niega-a-votar-porque-pierde-escandalosamente\/","title":{"rendered":"Vald\u00e9s sobre la suspensi\u00f3n de la interna: \u00abHay un sector que se niega a votar porque pierde escandalosamente\u00bb"},"content":{"rendered":"\n<p>El gobernador de Corrientes, Gustavo Vald\u00e9s, se refiri\u00f3 este lunes a la suspensi\u00f3n de las internas de la Uni\u00f3n C\u00edvica Radical (UCR), que deb\u00edan realizarse el 27 de octubre.<\/p>\n\n\n\n<p>\u00abSimplemente hay un sector que se niega a votar porque pierde escandalosamente\u00bb, asegur\u00f3 Vald\u00e9s tras el lanzamiento oficial del Tarag\u00fc\u00ed Rock en Casa de Gobierno. \u00abEntonces la \u00fanica manera de saber y de conducir los dos cargos tiene que ver con que nosotros podamos definir este tipo de cosas en las urnas y no caprichosamente poner las fechas que uno quiere\u00bb, agreg\u00f3, haciendo referencia a la fecha del 18 de mayo elegida para la votaci\u00f3n interna.<\/p>\n\n\n\n<p>En cuanto a la posibilidad de un di\u00e1logo con Ricardo Colombi, quien impuls\u00f3 la suspensi\u00f3n de las internas, Vald\u00e9s fue contundente: \u00abNo, yo no tengo mala relaci\u00f3n, no tengo relaci\u00f3n\u00bb.<\/p>\n\n\n\n<p>La suspensi\u00f3n de las internas se produjo luego de que la C\u00e1mara Nacional Electoral (CNE) le diera la raz\u00f3n a Colombi, revocando la medida cautelar dictada por el juez federal con competencia electoral de Corrientes que hab\u00eda dejado sin efecto la resoluci\u00f3n del Comit\u00e9 Central que postergaba las elecciones internas hasta el 18 de mayo de 2025.<\/p>\n\n\n\n<p>Sin embargo, la Junta Electoral partidaria inform\u00f3 que la Convenci\u00f3n resolvi\u00f3 el 14 de octubre, dos d\u00edas despu\u00e9s de la presentaci\u00f3n de listas de candidatos (el 12 de octubre), dejar sin efecto los art\u00edculos 1 y 2 de la resoluci\u00f3n 26\/2024 del Comit\u00e9 Central que postergaba las elecciones hasta 2025. Por eso, desde la Junta Electoral insisten en que este domingo se votar\u00e1.<\/p>\n\n\n\n<p>Las declaraciones de Vald\u00e9s arrojan luz sobre las tensiones internas que atraviesa la UCR en Corrientes, con un sector que busca la realizaci\u00f3n de las internas de forma inmediata y otro que busca posponerlas. La resoluci\u00f3n final sobre la fecha de la votaci\u00f3n depender\u00e1 de la decisi\u00f3n de la Justicia Electoral.<\/p>\n","protected":false},"excerpt":{"rendered":"<p>El gobernador de Corrientes, Gustavo Vald\u00e9s, se refiri\u00f3 este lunes a la suspensi\u00f3n de las internas de la Uni\u00f3n C\u00edvica Radical (UCR), que deb\u00edan realizarse el 27 de octubre. \u00abSimplemente hay un sector que se niega a votar porque pierde escandalosamente\u00bb, asegur\u00f3 Vald\u00e9s tras el lanzamiento oficial del Tarag\u00fc\u00ed Rock en Casa de Gobierno. \u00abEntonces [&hellip;]<\/p>\n","protected":false},"author":2,"featured_media":19347,"comment_status":"closed","ping_status":"open","sticky":false,"template":"","format":"standard","meta":{"footnotes":""},"categories":[3],"tags":[42],"class_list":{"0":"post-19474","1":"post","2":"type-post","3":"status-publish","4":"format-standard","5":"has-post-thumbnail","7":"category-provinciales","8":"tag-featured"},"_links":{"self":[{"href":"https:\/\/zoomproducciones.com.ar\/zoomp\/wp-json\/wp\/v2\/posts\/19474","targetHints":{"allow":["GET"]}}],"collection":[{"href":"https:\/\/zoomproducciones.com.ar\/zoomp\/wp-json\/wp\/v2\/posts"}],"about":[{"href":"https:\/\/zoomproducciones.com.ar\/zoomp\/wp-json\/wp\/v2\/types\/post"}],"author":[{"embeddable":true,"href":"https:\/\/zoomproducciones.com.ar\/zoomp\/wp-json\/wp\/v2\/users\/2"}],"replies":[{"embeddable":true,"href":"https:\/\/zoomproducciones.com.ar\/zoomp\/wp-json\/wp\/v2\/comments?post=19474"}],"version-history":[{"count":1,"href":"https:\/\/zoomproducciones.com.ar\/zoomp\/wp-json\/wp\/v2\/posts\/19474\/revisions"}],"predecessor-version":[{"id":19479,"href":"https:\/\/zoomproducciones.com.ar\/zoomp\/wp-json\/wp\/v2\/posts\/19474\/revisions\/19479"}],"wp:featuredmedia":[{"embeddable":true,"href":"https:\/\/zoomproducciones.com.ar\/zoomp\/wp-json\/wp\/v2\/media\/19347"}],"wp:attachment":[{"href":"https:\/\/zoomproducciones.com.ar\/zoomp\/wp-json\/wp\/v2\/media?parent=19474"}],"wp:term":[{"taxonomy":"category","embeddable":true,"href":"https:\/\/zoomproducciones.com.ar\/zoomp\/wp-json\/wp\/v2\/categories?post=19474"},{"taxonomy":"post_tag","embeddable":true,"href":"https:\/\/zoomproducciones.com.ar\/zoomp\/wp-json\/wp\/v2\/tags?post=19474"}],"curies":[{"name":"wp","href":"https:\/\/api.w.org\/{rel}","templated":true}]}}