{"id":19466,"date":"2024-10-22T09:48:22","date_gmt":"2024-10-22T12:48:22","guid":{"rendered":"http:\/\/zoomproducciones.com.ar\/zoomp\/?p=19466"},"modified":"2024-10-22T09:48:23","modified_gmt":"2024-10-22T12:48:23","slug":"macri-respalda-a-milei-pero-advierte-sobre-su-violencia-y-la-euforia-del-gobierno","status":"publish","type":"post","link":"https:\/\/zoomproducciones.com.ar\/zoomp\/macri-respalda-a-milei-pero-advierte-sobre-su-violencia-y-la-euforia-del-gobierno\/","title":{"rendered":"Macri respalda a Milei pero advierte sobre su \u00abviolencia\u00bb y la \u00abeuforia\u00bb del Gobierno"},"content":{"rendered":"\n<p>El ex presidente Mauricio Macri brind\u00f3 su apoyo al actual mandatario Javier Milei, aunque manifest\u00f3 ciertas diferencias con sus formas, calific\u00e1ndolo como \u00abdemasiado violento\u00bb.<\/p>\n\n\n\n<p>En un almuerzo en la Bolsa de Comercio de C\u00f3rdoba, Macri destac\u00f3 la autenticidad de Milei y su \u00absincericidio\u00bb, pero consider\u00f3 que \u00aba veces es demasiado violento, frontal y duro\u00bb. El ex mandatario, que se define como un \u00abviejo meado\u00bb, reconoci\u00f3 que cree en otro tipo de formas, pero admiti\u00f3 que \u00abestamos en otro tiempo y su autenticidad es lo m\u00e1s valioso\u00bb.<\/p>\n\n\n\n<p>Macri tambi\u00e9n expres\u00f3 su preocupaci\u00f3n por la \u00abeuforia\u00bb que percibe en el Gobierno, asegurando que \u00abhay muchas posibilidades de mejoras\u00bb y que \u00abdiez meses es un mont\u00f3n de tiempo\u00bb. En relaci\u00f3n a la posibilidad de un entendimiento electoral entre el PRO y La Libertad Avanza (LLA) para las elecciones de 2025, Macri afirm\u00f3 que antes de una \u00abfusi\u00f3n\u00bb es necesario \u00abconocerse\u00bb y que espera que se genere \u00abel esp\u00edritu de sociedad, de trabajar en conjunto\u00bb.<\/p>\n\n\n\n<p>El l\u00edder del PRO tambi\u00e9n descart\u00f3 que su partido busque \u00abcargos\u00bb, en referencia al cambio en la Secretar\u00eda de Energ\u00eda, donde Mar\u00eda Tettamanti, cercana a Macri, reemplaz\u00f3 a Eduardo Rodr\u00edguez Chirillo. Macri destac\u00f3 que el PRO \u00abnunca fue eso\u00bb y que su objetivo siempre fue \u00abhacer pol\u00edtica de otra manera\u00bb.<\/p>\n\n\n\n<p>En cuanto al cambio en Energ\u00eda, Macri consider\u00f3 \u00abpositivo\u00bb que el gobierno haya pedido \u00abcolaboraci\u00f3n\u00bb y que se haya formado un equipo que potencie la oportunidad energ\u00e9tica.<\/p>\n\n\n\n<p>Durante su visita a C\u00f3rdoba, Macri se reuni\u00f3 con legisladores del PRO, incluyendo a Soher El Sukaria, Luis Juez, Bel\u00e9n Avico y Laura Rodr\u00edguez Machado.<\/p>\n","protected":false},"excerpt":{"rendered":"<p>El ex presidente Mauricio Macri brind\u00f3 su apoyo al actual mandatario Javier Milei, aunque manifest\u00f3 ciertas diferencias con sus formas, calific\u00e1ndolo como \u00abdemasiado violento\u00bb. En un almuerzo en la Bolsa de Comercio de C\u00f3rdoba, Macri destac\u00f3 la autenticidad de Milei y su \u00absincericidio\u00bb, pero consider\u00f3 que \u00aba veces es demasiado violento, frontal y duro\u00bb. El [&hellip;]<\/p>\n","protected":false},"author":2,"featured_media":19467,"comment_status":"closed","ping_status":"open","sticky":false,"template":"","format":"standard","meta":{"footnotes":""},"categories":[8],"tags":[511],"class_list":{"0":"post-19466","1":"post","2":"type-post","3":"status-publish","4":"format-standard","5":"has-post-thumbnail","7":"category-nacionales","8":"tag-bloque-2"},"_links":{"self":[{"href":"https:\/\/zoomproducciones.com.ar\/zoomp\/wp-json\/wp\/v2\/posts\/19466","targetHints":{"allow":["GET"]}}],"collection":[{"href":"https:\/\/zoomproducciones.com.ar\/zoomp\/wp-json\/wp\/v2\/posts"}],"about":[{"href":"https:\/\/zoomproducciones.com.ar\/zoomp\/wp-json\/wp\/v2\/types\/post"}],"author":[{"embeddable":true,"href":"https:\/\/zoomproducciones.com.ar\/zoomp\/wp-json\/wp\/v2\/users\/2"}],"replies":[{"embeddable":true,"href":"https:\/\/zoomproducciones.com.ar\/zoomp\/wp-json\/wp\/v2\/comments?post=19466"}],"version-history":[{"count":1,"href":"https:\/\/zoomproducciones.com.ar\/zoomp\/wp-json\/wp\/v2\/posts\/19466\/revisions"}],"predecessor-version":[{"id":19468,"href":"https:\/\/zoomproducciones.com.ar\/zoomp\/wp-json\/wp\/v2\/posts\/19466\/revisions\/19468"}],"wp:featuredmedia":[{"embeddable":true,"href":"https:\/\/zoomproducciones.com.ar\/zoomp\/wp-json\/wp\/v2\/media\/19467"}],"wp:attachment":[{"href":"https:\/\/zoomproducciones.com.ar\/zoomp\/wp-json\/wp\/v2\/media?parent=19466"}],"wp:term":[{"taxonomy":"category","embeddable":true,"href":"https:\/\/zoomproducciones.com.ar\/zoomp\/wp-json\/wp\/v2\/categories?post=19466"},{"taxonomy":"post_tag","embeddable":true,"href":"https:\/\/zoomproducciones.com.ar\/zoomp\/wp-json\/wp\/v2\/tags?post=19466"}],"curies":[{"name":"wp","href":"https:\/\/api.w.org\/{rel}","templated":true}]}}