{"id":19461,"date":"2024-10-22T09:35:44","date_gmt":"2024-10-22T12:35:44","guid":{"rendered":"http:\/\/zoomproducciones.com.ar\/zoomp\/?p=19461"},"modified":"2024-10-22T09:35:44","modified_gmt":"2024-10-22T12:35:44","slug":"corrientes-sera-sede-de-la-reunion-del-consejo-federal-agropecuario-litoral","status":"publish","type":"post","link":"https:\/\/zoomproducciones.com.ar\/zoomp\/corrientes-sera-sede-de-la-reunion-del-consejo-federal-agropecuario-litoral\/","title":{"rendered":"Corrientes ser\u00e1 sede de la Reuni\u00f3n del Consejo Federal Agropecuario Litoral"},"content":{"rendered":"\n<p>El gobierno de Corrientes, a trav\u00e9s del Ministerio de Producci\u00f3n, anunci\u00f3 que este martes 22 de octubre se llevar\u00e1 a cabo la Reuni\u00f3n del Consejo Federal Agropecuario Litoral en el Sal\u00f3n Amarillo de la Casa de Gobierno.<\/p>\n\n\n\n<p>El encuentro, que dar\u00e1 inicio a las 9 de la ma\u00f1ana, ser\u00e1 encabezado por el gobernador Gustavo Vald\u00e9s y contar\u00e1 con la presencia del secretario de Agricultura, Ganader\u00eda y Pesca de la Naci\u00f3n, Sergio Iraeta, junto a funcionarios de su gabinete.<\/p>\n\n\n\n<p>Tambi\u00e9n participar\u00e1n representantes del \u00e1rea agropecuaria de las provincias de Chaco, Formosa, Misiones, Entre R\u00edos y Santa Fe.<\/p>\n\n\n\n<p>La reuni\u00f3n del Consejo Federal Agropecuario Litoral se presenta como un espacio de di\u00e1logo y coordinaci\u00f3n entre las provincias de la regi\u00f3n para abordar las principales problem\u00e1ticas del sector agropecuario y buscar soluciones conjuntas.<\/p>\n\n\n\n<p>Se espera que durante la reuni\u00f3n se discutan temas de inter\u00e9s para el desarrollo del sector, como la producci\u00f3n, la comercializaci\u00f3n y la log\u00edstica, entre otros.<\/p>\n","protected":false},"excerpt":{"rendered":"<p>El gobierno de Corrientes, a trav\u00e9s del Ministerio de Producci\u00f3n, anunci\u00f3 que este martes 22 de octubre se llevar\u00e1 a cabo la Reuni\u00f3n del Consejo Federal Agropecuario Litoral en el Sal\u00f3n Amarillo de la Casa de Gobierno. El encuentro, que dar\u00e1 inicio a las 9 de la ma\u00f1ana, ser\u00e1 encabezado por el gobernador Gustavo Vald\u00e9s [&hellip;]<\/p>\n","protected":false},"author":2,"featured_media":19462,"comment_status":"closed","ping_status":"open","sticky":false,"template":"","format":"standard","meta":{"footnotes":""},"categories":[3],"tags":[511],"class_list":{"0":"post-19461","1":"post","2":"type-post","3":"status-publish","4":"format-standard","5":"has-post-thumbnail","7":"category-provinciales","8":"tag-bloque-2"},"_links":{"self":[{"href":"https:\/\/zoomproducciones.com.ar\/zoomp\/wp-json\/wp\/v2\/posts\/19461","targetHints":{"allow":["GET"]}}],"collection":[{"href":"https:\/\/zoomproducciones.com.ar\/zoomp\/wp-json\/wp\/v2\/posts"}],"about":[{"href":"https:\/\/zoomproducciones.com.ar\/zoomp\/wp-json\/wp\/v2\/types\/post"}],"author":[{"embeddable":true,"href":"https:\/\/zoomproducciones.com.ar\/zoomp\/wp-json\/wp\/v2\/users\/2"}],"replies":[{"embeddable":true,"href":"https:\/\/zoomproducciones.com.ar\/zoomp\/wp-json\/wp\/v2\/comments?post=19461"}],"version-history":[{"count":1,"href":"https:\/\/zoomproducciones.com.ar\/zoomp\/wp-json\/wp\/v2\/posts\/19461\/revisions"}],"predecessor-version":[{"id":19463,"href":"https:\/\/zoomproducciones.com.ar\/zoomp\/wp-json\/wp\/v2\/posts\/19461\/revisions\/19463"}],"wp:featuredmedia":[{"embeddable":true,"href":"https:\/\/zoomproducciones.com.ar\/zoomp\/wp-json\/wp\/v2\/media\/19462"}],"wp:attachment":[{"href":"https:\/\/zoomproducciones.com.ar\/zoomp\/wp-json\/wp\/v2\/media?parent=19461"}],"wp:term":[{"taxonomy":"category","embeddable":true,"href":"https:\/\/zoomproducciones.com.ar\/zoomp\/wp-json\/wp\/v2\/categories?post=19461"},{"taxonomy":"post_tag","embeddable":true,"href":"https:\/\/zoomproducciones.com.ar\/zoomp\/wp-json\/wp\/v2\/tags?post=19461"}],"curies":[{"name":"wp","href":"https:\/\/api.w.org\/{rel}","templated":true}]}}