{"id":19456,"date":"2024-10-22T09:26:25","date_gmt":"2024-10-22T12:26:25","guid":{"rendered":"http:\/\/zoomproducciones.com.ar\/zoomp\/?p=19456"},"modified":"2024-10-22T09:26:31","modified_gmt":"2024-10-22T12:26:31","slug":"milei-celebra-su-cumpleanos-numero-54-en-la-casa-rosada","status":"publish","type":"post","link":"https:\/\/zoomproducciones.com.ar\/zoomp\/milei-celebra-su-cumpleanos-numero-54-en-la-casa-rosada\/","title":{"rendered":"Milei celebra su cumplea\u00f1os n\u00famero 54 en la Casa Rosada"},"content":{"rendered":"\n<p>El presidente Javier Milei cumple hoy 54 a\u00f1os y lo celebra con una serie de festejos organizados por su pareja, Amalia \u00abYuyito\u00bb Gonz\u00e1lez.<\/p>\n\n\n\n<p>Al mediod\u00eda, tras la reuni\u00f3n de mesa chica y el intercambio con el gabinete, se llevar\u00e1 a cabo un almuerzo en la Casa Rosada con el equipo de trabajo y asesores econ\u00f3micos. El evento se desarrollar\u00e1 en el Sal\u00f3n Norte y contar\u00e1 con la presencia de invitados sorpresa, sum\u00e1ndose a la extensa lista de convocados que ya alcanza las 45 personas. Se espera un lunch para saludar al mandatario que, por primera vez, festeja su cumplea\u00f1os desde su asunci\u00f3n a la presidencia.<\/p>\n\n\n\n<p>Sin embargo, el presidente ya recibi\u00f3 felicitaciones y un asado en la residencia presidencial durante la noche del lunes, con la presencia de cuatro gobernadores (Jalil, Jaldo, S\u00e1enz y Passalacqua), a quienes invit\u00f3 en agradecimiento por el respaldo al veto de la Ley de Financiamiento Universitario. Tambi\u00e9n estuvieron presentes la secretaria General de la Presidencia, Karina Milei, el jefe de Gabinete, Guillermo Francos, y el vicejefe de Gabinete del Interior, Lisandro Catal\u00e1n.<\/p>\n\n\n\n<p>Tras la celebraci\u00f3n con sus allegados, Milei compartir\u00e1 una \u00abmeriencena\u00bb con Yuyito y sus hijos en la quinta de Olvios, en un festejo m\u00e1s \u00edntimo con pocas personas.<\/p>\n\n\n\n<p>A diferencia de su \u00faltimo cumplea\u00f1os, que coincidi\u00f3 con las elecciones presidenciales en las que perdi\u00f3 en primera vuelta, Milei recibe sus 54 a\u00f1os rodeado de afecto y en el poder. Tras la victoria en la segunda vuelta del 19 de noviembre, el libertario asumi\u00f3 la presidencia el 10 de diciembre de 2023.<\/p>\n\n\n\n<p>Las celebraciones de cumplea\u00f1os de Milei, que incluyen un almuerzo en la Casa Rosada, una cena con gobernadores y una meriencena familiar, reflejan el inicio de su mandato presidencial en un ambiente festivo y rodeado de sus allegados.<\/p>\n","protected":false},"excerpt":{"rendered":"<p>El presidente Javier Milei cumple hoy 54 a\u00f1os y lo celebra con una serie de festejos organizados por su pareja, Amalia \u00abYuyito\u00bb Gonz\u00e1lez. Al mediod\u00eda, tras la reuni\u00f3n de mesa chica y el intercambio con el gabinete, se llevar\u00e1 a cabo un almuerzo en la Casa Rosada con el equipo de trabajo y asesores econ\u00f3micos. [&hellip;]<\/p>\n","protected":false},"author":2,"featured_media":19459,"comment_status":"closed","ping_status":"open","sticky":false,"template":"","format":"standard","meta":{"footnotes":""},"categories":[8],"tags":[511],"class_list":{"0":"post-19456","1":"post","2":"type-post","3":"status-publish","4":"format-standard","5":"has-post-thumbnail","7":"category-nacionales","8":"tag-bloque-2"},"_links":{"self":[{"href":"https:\/\/zoomproducciones.com.ar\/zoomp\/wp-json\/wp\/v2\/posts\/19456","targetHints":{"allow":["GET"]}}],"collection":[{"href":"https:\/\/zoomproducciones.com.ar\/zoomp\/wp-json\/wp\/v2\/posts"}],"about":[{"href":"https:\/\/zoomproducciones.com.ar\/zoomp\/wp-json\/wp\/v2\/types\/post"}],"author":[{"embeddable":true,"href":"https:\/\/zoomproducciones.com.ar\/zoomp\/wp-json\/wp\/v2\/users\/2"}],"replies":[{"embeddable":true,"href":"https:\/\/zoomproducciones.com.ar\/zoomp\/wp-json\/wp\/v2\/comments?post=19456"}],"version-history":[{"count":1,"href":"https:\/\/zoomproducciones.com.ar\/zoomp\/wp-json\/wp\/v2\/posts\/19456\/revisions"}],"predecessor-version":[{"id":19460,"href":"https:\/\/zoomproducciones.com.ar\/zoomp\/wp-json\/wp\/v2\/posts\/19456\/revisions\/19460"}],"wp:featuredmedia":[{"embeddable":true,"href":"https:\/\/zoomproducciones.com.ar\/zoomp\/wp-json\/wp\/v2\/media\/19459"}],"wp:attachment":[{"href":"https:\/\/zoomproducciones.com.ar\/zoomp\/wp-json\/wp\/v2\/media?parent=19456"}],"wp:term":[{"taxonomy":"category","embeddable":true,"href":"https:\/\/zoomproducciones.com.ar\/zoomp\/wp-json\/wp\/v2\/categories?post=19456"},{"taxonomy":"post_tag","embeddable":true,"href":"https:\/\/zoomproducciones.com.ar\/zoomp\/wp-json\/wp\/v2\/tags?post=19456"}],"curies":[{"name":"wp","href":"https:\/\/api.w.org\/{rel}","templated":true}]}}