{"id":19447,"date":"2024-10-22T09:23:55","date_gmt":"2024-10-22T12:23:55","guid":{"rendered":"http:\/\/zoomproducciones.com.ar\/zoomp\/?p=19447"},"modified":"2024-10-22T09:23:56","modified_gmt":"2024-10-22T12:23:56","slug":"river-plate-ya-esta-en-brasil-para-enfrentar-a-mineiro-por-la-copa-libertadores","status":"publish","type":"post","link":"https:\/\/zoomproducciones.com.ar\/zoomp\/river-plate-ya-esta-en-brasil-para-enfrentar-a-mineiro-por-la-copa-libertadores\/","title":{"rendered":"River Plate ya est\u00e1 en Brasil para enfrentar a Mineiro por la Copa Libertadores"},"content":{"rendered":"\n<p>River Plate lleg\u00f3 este lunes a Brasil para disputar la semifinal de la Copa Libertadores ante Atl\u00e9tico Mineiro. Marcelo Gallardo, con la mira puesta en el crucial encuentro en Belo Horizonte, ya est\u00e1 afinando los \u00faltimos detalles y tiene en mente el equipo que alinear\u00e1.<\/p>\n\n\n\n<p>La gran sorpresa de la convocatoria fue el regreso de Gonzalo \u00abPity\u00bb Mart\u00ednez, quien vuelve a las canchas tras nueve meses de ausencia por lesi\u00f3n. Se espera que el \u00abMu\u00f1eco\u00bb ajuste el esquema t\u00e1ctico para este desaf\u00edo clave, utilizando una alineaci\u00f3n diferente a la habitual con cinco defensores, estrategia que ya emple\u00f3 en La Bombonera pero con algunas modificaciones en los nombres.<\/p>\n\n\n\n<p>El partido, que se disputar\u00e1 este martes a las 21:30, ser\u00e1 transmitido en vivo por Telef\u00e9 y Fox Sports.<\/p>\n\n\n\n<p>Gallardo es consciente de la importancia del partido y conf\u00eda en que los cambios t\u00e1cticos y el regreso de Mart\u00ednez aporten el impulso necesario para lograr un buen resultado en tierras brasile\u00f1as. El choque ante Atl\u00e9tico Mineiro es crucial para River en su camino a la final de la Copa Libertadores.<\/p>\n","protected":false},"excerpt":{"rendered":"<p>River Plate lleg\u00f3 este lunes a Brasil para disputar la semifinal de la Copa Libertadores ante Atl\u00e9tico Mineiro. Marcelo Gallardo, con la mira puesta en el crucial encuentro en Belo Horizonte, ya est\u00e1 afinando los \u00faltimos detalles y tiene en mente el equipo que alinear\u00e1. La gran sorpresa de la convocatoria fue el regreso de [&hellip;]<\/p>\n","protected":false},"author":2,"featured_media":19451,"comment_status":"closed","ping_status":"open","sticky":false,"template":"","format":"standard","meta":{"footnotes":""},"categories":[372],"tags":[511],"class_list":{"0":"post-19447","1":"post","2":"type-post","3":"status-publish","4":"format-standard","5":"has-post-thumbnail","7":"category-futbol","8":"tag-bloque-2"},"_links":{"self":[{"href":"https:\/\/zoomproducciones.com.ar\/zoomp\/wp-json\/wp\/v2\/posts\/19447","targetHints":{"allow":["GET"]}}],"collection":[{"href":"https:\/\/zoomproducciones.com.ar\/zoomp\/wp-json\/wp\/v2\/posts"}],"about":[{"href":"https:\/\/zoomproducciones.com.ar\/zoomp\/wp-json\/wp\/v2\/types\/post"}],"author":[{"embeddable":true,"href":"https:\/\/zoomproducciones.com.ar\/zoomp\/wp-json\/wp\/v2\/users\/2"}],"replies":[{"embeddable":true,"href":"https:\/\/zoomproducciones.com.ar\/zoomp\/wp-json\/wp\/v2\/comments?post=19447"}],"version-history":[{"count":1,"href":"https:\/\/zoomproducciones.com.ar\/zoomp\/wp-json\/wp\/v2\/posts\/19447\/revisions"}],"predecessor-version":[{"id":19454,"href":"https:\/\/zoomproducciones.com.ar\/zoomp\/wp-json\/wp\/v2\/posts\/19447\/revisions\/19454"}],"wp:featuredmedia":[{"embeddable":true,"href":"https:\/\/zoomproducciones.com.ar\/zoomp\/wp-json\/wp\/v2\/media\/19451"}],"wp:attachment":[{"href":"https:\/\/zoomproducciones.com.ar\/zoomp\/wp-json\/wp\/v2\/media?parent=19447"}],"wp:term":[{"taxonomy":"category","embeddable":true,"href":"https:\/\/zoomproducciones.com.ar\/zoomp\/wp-json\/wp\/v2\/categories?post=19447"},{"taxonomy":"post_tag","embeddable":true,"href":"https:\/\/zoomproducciones.com.ar\/zoomp\/wp-json\/wp\/v2\/tags?post=19447"}],"curies":[{"name":"wp","href":"https:\/\/api.w.org\/{rel}","templated":true}]}}