{"id":19440,"date":"2024-10-22T09:04:31","date_gmt":"2024-10-22T12:04:31","guid":{"rendered":"http:\/\/zoomproducciones.com.ar\/zoomp\/?p=19440"},"modified":"2024-10-22T09:04:31","modified_gmt":"2024-10-22T12:04:31","slug":"juicio-por-la-muerte-de-matias-chirino-companeros-confirman-abusos-y-maltratos-durante-ritual-de-iniciacion","status":"publish","type":"post","link":"https:\/\/zoomproducciones.com.ar\/zoomp\/juicio-por-la-muerte-de-matias-chirino-companeros-confirman-abusos-y-maltratos-durante-ritual-de-iniciacion\/","title":{"rendered":"Juicio por la muerte de Mat\u00edas Chirino: Compa\u00f1eros confirman abusos y maltratos durante \u00abritual de iniciaci\u00f3n\u00bb"},"content":{"rendered":"\n<p>En el juicio oral por la muerte del soldado Mat\u00edas Chirino, dos compa\u00f1eros del fallecido declararon este lunes y corroboraron la acusaci\u00f3n de la fiscal\u00eda contra nueve militares del Grupo de Artiller\u00eda de Monte 3 de Paso de los Libres.<\/p>\n\n\n\n<p>Los soldados Jorge Manuel Chaile y Rufino Ezequiel Meza confirmaron que durante el \u201critual de iniciaci\u00f3n\u201d en el que muri\u00f3 Chirino, fueron sometidos a abusos y maltratos por parte de los imputados. Ambos declararon que los acusados les obligaban a realizar actividades f\u00edsicas mientras com\u00edan, y les daban alcohol mezclado con sal gruesa.<\/p>\n\n\n\n<p>Seg\u00fan sus testimonios, ambos perdieron el conocimiento durante el incidente y despertaron al escuchar los ruidos de la enfermera, que se encontraba realizando maniobras de RCP a Chirino.<\/p>\n\n\n\n<p>La fiscal\u00eda acusa a Rub\u00e9n Ru\u00edz, Claudio Andr\u00e9s Luna, Hugo Reclus Mart\u00ednez T\u00e1rraga, Exequiel Emanuel Aguilar, Dar\u00edo Emanuel Mart\u00ednez, Luis Facundo Acosta y Gerardo Sebasti\u00e1n Bautista como coautores de homicidio simple y abuso de poder. Claudia Daniela Cayata y Franco Dami\u00e1n Grupico son acusados como part\u00edcipes secundarios.<\/p>\n\n\n\n<p>Hasta el momento, han declarado 26 testigos en cinco audiencias. El debate se reanudar\u00e1 el mi\u00e9rcoles, con la declaraci\u00f3n de otras cinco personas.<\/p>\n\n\n\n<p>El 23 y 24 de octubre se realizar\u00e1n las \u00faltimas dos audiencias, en las que se llevar\u00e1 a cabo la indagatoria de los imputados, quienes se encuentran detenidos en la Ciudad de Buenos Aires.<\/p>\n","protected":false},"excerpt":{"rendered":"<p>En el juicio oral por la muerte del soldado Mat\u00edas Chirino, dos compa\u00f1eros del fallecido declararon este lunes y corroboraron la acusaci\u00f3n de la fiscal\u00eda contra nueve militares del Grupo de Artiller\u00eda de Monte 3 de Paso de los Libres. Los soldados Jorge Manuel Chaile y Rufino Ezequiel Meza confirmaron que durante el \u201critual de [&hellip;]<\/p>\n","protected":false},"author":2,"featured_media":19210,"comment_status":"closed","ping_status":"open","sticky":false,"template":"","format":"standard","meta":{"footnotes":""},"categories":[8],"tags":[42],"class_list":{"0":"post-19440","1":"post","2":"type-post","3":"status-publish","4":"format-standard","5":"has-post-thumbnail","7":"category-nacionales","8":"tag-featured"},"_links":{"self":[{"href":"https:\/\/zoomproducciones.com.ar\/zoomp\/wp-json\/wp\/v2\/posts\/19440","targetHints":{"allow":["GET"]}}],"collection":[{"href":"https:\/\/zoomproducciones.com.ar\/zoomp\/wp-json\/wp\/v2\/posts"}],"about":[{"href":"https:\/\/zoomproducciones.com.ar\/zoomp\/wp-json\/wp\/v2\/types\/post"}],"author":[{"embeddable":true,"href":"https:\/\/zoomproducciones.com.ar\/zoomp\/wp-json\/wp\/v2\/users\/2"}],"replies":[{"embeddable":true,"href":"https:\/\/zoomproducciones.com.ar\/zoomp\/wp-json\/wp\/v2\/comments?post=19440"}],"version-history":[{"count":1,"href":"https:\/\/zoomproducciones.com.ar\/zoomp\/wp-json\/wp\/v2\/posts\/19440\/revisions"}],"predecessor-version":[{"id":19444,"href":"https:\/\/zoomproducciones.com.ar\/zoomp\/wp-json\/wp\/v2\/posts\/19440\/revisions\/19444"}],"wp:featuredmedia":[{"embeddable":true,"href":"https:\/\/zoomproducciones.com.ar\/zoomp\/wp-json\/wp\/v2\/media\/19210"}],"wp:attachment":[{"href":"https:\/\/zoomproducciones.com.ar\/zoomp\/wp-json\/wp\/v2\/media?parent=19440"}],"wp:term":[{"taxonomy":"category","embeddable":true,"href":"https:\/\/zoomproducciones.com.ar\/zoomp\/wp-json\/wp\/v2\/categories?post=19440"},{"taxonomy":"post_tag","embeddable":true,"href":"https:\/\/zoomproducciones.com.ar\/zoomp\/wp-json\/wp\/v2\/tags?post=19440"}],"curies":[{"name":"wp","href":"https:\/\/api.w.org\/{rel}","templated":true}]}}