{"id":19432,"date":"2024-10-21T08:35:37","date_gmt":"2024-10-21T11:35:37","guid":{"rendered":"http:\/\/zoomproducciones.com.ar\/zoomp\/?p=19432"},"modified":"2024-10-21T08:36:06","modified_gmt":"2024-10-21T11:36:06","slug":"quintela-presento-su-lista-para-la-presidencia-del-pj-con-cuatro-correntinos-en-la-nomina","status":"publish","type":"post","link":"https:\/\/zoomproducciones.com.ar\/zoomp\/quintela-presento-su-lista-para-la-presidencia-del-pj-con-cuatro-correntinos-en-la-nomina\/","title":{"rendered":"Quintela present\u00f3 su lista para la presidencia del PJ con cuatro correntinos en la n\u00f3mina"},"content":{"rendered":"\n<p>El gobernador de La Rioja, Ricardo Quintela, present\u00f3 su lista de candidatos para la presidencia del Partido Justicialista, incluyendo a cuatro correntinos en la n\u00f3mina que competir\u00e1 con la lista encabezada por Cristina Kirchner.<\/p>\n\n\n\n<p>La lista de Quintela, dada a conocer antes de la medianoche del domingo, propone cinco candidatos a la vicepresidencia: la intendenta de Barranqueras, Chaco, Magda Ayala; el exgobernador de San Luis, Alberto Rodr\u00edguez Sa\u00e1; la secretaria gremial de UPCN en CABA, Mariana Gadea; el presidente del Bloque Peronista de la Legislatura Provincial de Tucum\u00e1n, Roque \u00c1lvarez; y la intendenta de La Vi\u00f1a, Salta, Alba S\u00e1nchez.<\/p>\n\n\n\n<p>En la n\u00f3mina tambi\u00e9n figuran como consejeros titulares los correntinos Alicia Meixner, Mercedes Laprovita, Jos\u00e9 Mortola y Sebasti\u00e1n Olivieri.<\/p>\n\n\n\n<p>A trav\u00e9s de sus redes sociales, Quintela expres\u00f3: \u201cQuiero contarles a los compa\u00f1eros y compa\u00f1eras que seguimos con entusiasmo construyendo este proyecto\u201d.<\/p>\n\n\n\n<p>El gobernador lament\u00f3 que la interna del PJ no se enfoque en \u00abdebates amplios, contener a todos, abrirnos a la participaci\u00f3n de las nuevas generaciones, mucho menos de debatir los problemas de nuestra Argentina frente a las nefastas pol\u00edticas de Milei\u00bb.<\/p>\n","protected":false},"excerpt":{"rendered":"<p>El gobernador de La Rioja, Ricardo Quintela, present\u00f3 su lista de candidatos para la presidencia del Partido Justicialista, incluyendo a cuatro correntinos en la n\u00f3mina que competir\u00e1 con la lista encabezada por Cristina Kirchner. La lista de Quintela, dada a conocer antes de la medianoche del domingo, propone cinco candidatos a la vicepresidencia: la intendenta [&hellip;]<\/p>\n","protected":false},"author":2,"featured_media":19433,"comment_status":"closed","ping_status":"open","sticky":false,"template":"","format":"standard","meta":{"footnotes":""},"categories":[8],"tags":[511],"class_list":{"0":"post-19432","1":"post","2":"type-post","3":"status-publish","4":"format-standard","5":"has-post-thumbnail","7":"category-nacionales","8":"tag-bloque-2"},"_links":{"self":[{"href":"https:\/\/zoomproducciones.com.ar\/zoomp\/wp-json\/wp\/v2\/posts\/19432","targetHints":{"allow":["GET"]}}],"collection":[{"href":"https:\/\/zoomproducciones.com.ar\/zoomp\/wp-json\/wp\/v2\/posts"}],"about":[{"href":"https:\/\/zoomproducciones.com.ar\/zoomp\/wp-json\/wp\/v2\/types\/post"}],"author":[{"embeddable":true,"href":"https:\/\/zoomproducciones.com.ar\/zoomp\/wp-json\/wp\/v2\/users\/2"}],"replies":[{"embeddable":true,"href":"https:\/\/zoomproducciones.com.ar\/zoomp\/wp-json\/wp\/v2\/comments?post=19432"}],"version-history":[{"count":1,"href":"https:\/\/zoomproducciones.com.ar\/zoomp\/wp-json\/wp\/v2\/posts\/19432\/revisions"}],"predecessor-version":[{"id":19437,"href":"https:\/\/zoomproducciones.com.ar\/zoomp\/wp-json\/wp\/v2\/posts\/19432\/revisions\/19437"}],"wp:featuredmedia":[{"embeddable":true,"href":"https:\/\/zoomproducciones.com.ar\/zoomp\/wp-json\/wp\/v2\/media\/19433"}],"wp:attachment":[{"href":"https:\/\/zoomproducciones.com.ar\/zoomp\/wp-json\/wp\/v2\/media?parent=19432"}],"wp:term":[{"taxonomy":"category","embeddable":true,"href":"https:\/\/zoomproducciones.com.ar\/zoomp\/wp-json\/wp\/v2\/categories?post=19432"},{"taxonomy":"post_tag","embeddable":true,"href":"https:\/\/zoomproducciones.com.ar\/zoomp\/wp-json\/wp\/v2\/tags?post=19432"}],"curies":[{"name":"wp","href":"https:\/\/api.w.org\/{rel}","templated":true}]}}