{"id":19430,"date":"2024-10-21T08:35:35","date_gmt":"2024-10-21T11:35:35","guid":{"rendered":"http:\/\/zoomproducciones.com.ar\/zoomp\/?p=19430"},"modified":"2024-10-21T08:35:36","modified_gmt":"2024-10-21T11:35:36","slug":"por-el-dia-de-la-madre-agustin-faraldo-organizo-un-evento-con-los-vecinos","status":"publish","type":"post","link":"https:\/\/zoomproducciones.com.ar\/zoomp\/por-el-dia-de-la-madre-agustin-faraldo-organizo-un-evento-con-los-vecinos\/","title":{"rendered":"Por el D\u00eda de la Madre, Agust\u00edn Faraldo organiz\u00f3 un evento con los vecinos"},"content":{"rendered":"\n<p>En el marco del Mes de la Mujer y el D\u00eda de la Madre, el espacio de Agust\u00edn Faraldo llev\u00f3 adelante un emotivo evento en su sede oficial. Se reunieron varias familias de distintos barrios en un ambiente \u00bblleno de alegr\u00eda y solidaridad\u00bb. <\/p>\n\n\n\n<p>Los asistentes disfrutaron de momentos especiales dedicados a homenajear a las madres y mujeres de la comunidad, en una noche que se convirti\u00f3 en un verdadero tributo a su rol en la sociedad. Desde la organizaci\u00f3n agradecieron a todos aquellos que colaboraron y participaron, destacando que este tipo de encuentros refuerzan los lazos comunitarios y brindan esperanza para seguir construyendo un futuro mejor.<\/p>\n","protected":false},"excerpt":{"rendered":"<p>En el marco del Mes de la Mujer y el D\u00eda de la Madre, el espacio de Agust\u00edn Faraldo llev\u00f3 adelante un emotivo evento en su sede oficial. Se reunieron varias familias de distintos barrios en un ambiente \u00bblleno de alegr\u00eda y solidaridad\u00bb. Los asistentes disfrutaron de momentos especiales dedicados a homenajear a las madres [&hellip;]<\/p>\n","protected":false},"author":2,"featured_media":19431,"comment_status":"closed","ping_status":"open","sticky":false,"template":"","format":"standard","meta":{"footnotes":""},"categories":[5],"tags":[511],"class_list":{"0":"post-19430","1":"post","2":"type-post","3":"status-publish","4":"format-standard","5":"has-post-thumbnail","7":"category-locales","8":"tag-bloque-2"},"_links":{"self":[{"href":"https:\/\/zoomproducciones.com.ar\/zoomp\/wp-json\/wp\/v2\/posts\/19430","targetHints":{"allow":["GET"]}}],"collection":[{"href":"https:\/\/zoomproducciones.com.ar\/zoomp\/wp-json\/wp\/v2\/posts"}],"about":[{"href":"https:\/\/zoomproducciones.com.ar\/zoomp\/wp-json\/wp\/v2\/types\/post"}],"author":[{"embeddable":true,"href":"https:\/\/zoomproducciones.com.ar\/zoomp\/wp-json\/wp\/v2\/users\/2"}],"replies":[{"embeddable":true,"href":"https:\/\/zoomproducciones.com.ar\/zoomp\/wp-json\/wp\/v2\/comments?post=19430"}],"version-history":[{"count":1,"href":"https:\/\/zoomproducciones.com.ar\/zoomp\/wp-json\/wp\/v2\/posts\/19430\/revisions"}],"predecessor-version":[{"id":19436,"href":"https:\/\/zoomproducciones.com.ar\/zoomp\/wp-json\/wp\/v2\/posts\/19430\/revisions\/19436"}],"wp:featuredmedia":[{"embeddable":true,"href":"https:\/\/zoomproducciones.com.ar\/zoomp\/wp-json\/wp\/v2\/media\/19431"}],"wp:attachment":[{"href":"https:\/\/zoomproducciones.com.ar\/zoomp\/wp-json\/wp\/v2\/media?parent=19430"}],"wp:term":[{"taxonomy":"category","embeddable":true,"href":"https:\/\/zoomproducciones.com.ar\/zoomp\/wp-json\/wp\/v2\/categories?post=19430"},{"taxonomy":"post_tag","embeddable":true,"href":"https:\/\/zoomproducciones.com.ar\/zoomp\/wp-json\/wp\/v2\/tags?post=19430"}],"curies":[{"name":"wp","href":"https:\/\/api.w.org\/{rel}","templated":true}]}}