{"id":19419,"date":"2024-10-21T08:08:55","date_gmt":"2024-10-21T11:08:55","guid":{"rendered":"http:\/\/zoomproducciones.com.ar\/zoomp\/?p=19419"},"modified":"2024-10-21T08:08:56","modified_gmt":"2024-10-21T11:08:56","slug":"mayans-a-cristina-le-duele-la-postura-de-kicillof-de-no-apoyarla-publicamente","status":"publish","type":"post","link":"https:\/\/zoomproducciones.com.ar\/zoomp\/mayans-a-cristina-le-duele-la-postura-de-kicillof-de-no-apoyarla-publicamente\/","title":{"rendered":"Mayans: \u00abA Cristina le duele\u00bb la postura de Kicillof de no apoyarla publicamente"},"content":{"rendered":"\n<p>El senador formose\u00f1o Jos\u00e9 Mayans, candidato a vicepresidente en la lista de Cristina Kirchner, asegur\u00f3 que a la ex presidenta \u00able duele\u00bb la falta de respaldo p\u00fablico del gobernador de Buenos Aires, Axel Kicillof.<\/p>\n\n\n\n<p>\u00abElla dijo que respeta la posici\u00f3n que toma, pero que obviamente le duele, por ser la persona que puso todo el empe\u00f1o para traerlo a compartir el esfuerzo. Ella dijo &#8216;respeto lo que decida el gobernador pero obviamente que me duele'\u00bb, se\u00f1al\u00f3 Mayans.<\/p>\n\n\n\n<p>El legislador, que acompa\u00f1a a Kirchner en la interna del PJ contra la lista de Ricardo Quintela, desminti\u00f3 que la frase sobre Poncio Pilatos y Judas estuviera dirigida a Kicillof. \u00abYo estuve cuando habl\u00f3 Cristina de Poncio Pilatos y de Judas. Lo dijo claramente por los que se lavan las manos ante lo que est\u00e1 haciendo el gobierno nacional con el pueblo argentino, y Judas, son los gobernadores que han llegado con la plataforma del partido\u00bb, afirm\u00f3.<\/p>\n\n\n\n<p>Mayans aclar\u00f3 que la frase apuntaba a \u00ablos peronistas que van a comer asado con Milei\u00bb.<\/p>\n\n\n\n<p>\u00abAxel lleg\u00f3 a la gobernaci\u00f3n acompa\u00f1ado por La C\u00e1mpora, pero no le quiero dar tanta importancia, el problema central es lo que est\u00e1 haciendo Milei con el pueblo argentino\u00bb, remarc\u00f3.<\/p>\n\n\n\n<p>El senador confi\u00f3 en que despu\u00e9s de las elecciones partidarias, \u00abtodos se van a juntar en la misma mesa\u00bb. \u00abNo tengo dudas que Quintela y todo su equipo, esto termina una vez que el pueblo decida qui\u00e9n conduce y nos estamos sentando todos juntos. Lo importante es qu\u00e9 Estado queremos para Argentina, la educaci\u00f3n, la salud. Eso hay que discutir, el tema central es ese, no lo otro\u00bb, agreg\u00f3.<\/p>\n","protected":false},"excerpt":{"rendered":"<p>El senador formose\u00f1o Jos\u00e9 Mayans, candidato a vicepresidente en la lista de Cristina Kirchner, asegur\u00f3 que a la ex presidenta \u00able duele\u00bb la falta de respaldo p\u00fablico del gobernador de Buenos Aires, Axel Kicillof. \u00abElla dijo que respeta la posici\u00f3n que toma, pero que obviamente le duele, por ser la persona que puso todo el [&hellip;]<\/p>\n","protected":false},"author":2,"featured_media":19420,"comment_status":"closed","ping_status":"open","sticky":false,"template":"","format":"standard","meta":{"footnotes":""},"categories":[8],"tags":[511],"class_list":{"0":"post-19419","1":"post","2":"type-post","3":"status-publish","4":"format-standard","5":"has-post-thumbnail","7":"category-nacionales","8":"tag-bloque-2"},"_links":{"self":[{"href":"https:\/\/zoomproducciones.com.ar\/zoomp\/wp-json\/wp\/v2\/posts\/19419","targetHints":{"allow":["GET"]}}],"collection":[{"href":"https:\/\/zoomproducciones.com.ar\/zoomp\/wp-json\/wp\/v2\/posts"}],"about":[{"href":"https:\/\/zoomproducciones.com.ar\/zoomp\/wp-json\/wp\/v2\/types\/post"}],"author":[{"embeddable":true,"href":"https:\/\/zoomproducciones.com.ar\/zoomp\/wp-json\/wp\/v2\/users\/2"}],"replies":[{"embeddable":true,"href":"https:\/\/zoomproducciones.com.ar\/zoomp\/wp-json\/wp\/v2\/comments?post=19419"}],"version-history":[{"count":1,"href":"https:\/\/zoomproducciones.com.ar\/zoomp\/wp-json\/wp\/v2\/posts\/19419\/revisions"}],"predecessor-version":[{"id":19423,"href":"https:\/\/zoomproducciones.com.ar\/zoomp\/wp-json\/wp\/v2\/posts\/19419\/revisions\/19423"}],"wp:featuredmedia":[{"embeddable":true,"href":"https:\/\/zoomproducciones.com.ar\/zoomp\/wp-json\/wp\/v2\/media\/19420"}],"wp:attachment":[{"href":"https:\/\/zoomproducciones.com.ar\/zoomp\/wp-json\/wp\/v2\/media?parent=19419"}],"wp:term":[{"taxonomy":"category","embeddable":true,"href":"https:\/\/zoomproducciones.com.ar\/zoomp\/wp-json\/wp\/v2\/categories?post=19419"},{"taxonomy":"post_tag","embeddable":true,"href":"https:\/\/zoomproducciones.com.ar\/zoomp\/wp-json\/wp\/v2\/tags?post=19419"}],"curies":[{"name":"wp","href":"https:\/\/api.w.org\/{rel}","templated":true}]}}