{"id":19417,"date":"2024-10-21T08:08:57","date_gmt":"2024-10-21T11:08:57","guid":{"rendered":"http:\/\/zoomproducciones.com.ar\/zoomp\/?p=19417"},"modified":"2024-10-21T08:08:57","modified_gmt":"2024-10-21T11:08:57","slug":"milei-adelanto-que-abrira-el-cepo-al-dolar-pero-no-a-cualquier-precio","status":"publish","type":"post","link":"https:\/\/zoomproducciones.com.ar\/zoomp\/milei-adelanto-que-abrira-el-cepo-al-dolar-pero-no-a-cualquier-precio\/","title":{"rendered":"Milei adelant\u00f3 que abrir\u00e1 el cepo al d\u00f3lar \u00abpero no a cualquier precio\u00bb"},"content":{"rendered":"\n<p>El presidente Javier Milei reiter\u00f3 su compromiso de abrir el cepo al d\u00f3lar, pero aclar\u00f3 que no lo har\u00e1 \u00aba cualquier precio\u00bb y buscar\u00e1 el momento adecuado. \u00abEl cepo lo vamos a abrir. Soy liberal libertario. No hay nada que odie m\u00e1s que algo que restrinja la libertad de los individuos. Ahora, no estoy dispuesto a salir a cualquier precio\u00bb, enfatiz\u00f3.<\/p>\n\n\n\n<p>En declaraciones a TN, tambi\u00e9n asegur\u00f3 que las jubilaciones \u00abmejoraron\u00bb a pesar del veto a la movilidad. \u00abCrecieron m\u00e1s de diez puntos por encima de la inflaci\u00f3n. Y si las med\u00eds en d\u00f3lares, se triplicaron\u00bb, resalt\u00f3.<\/p>\n\n\n\n<p>Milei tambi\u00e9n destac\u00f3 que durante su gobierno se logr\u00f3 \u00abbajar la pobreza en ocho puntos porcentuales\u00bb. \u00abEsto no es un tema menor. De ac\u00e1 para adelante solamente buenas noticias. Esto tiene que ver con que subi\u00f3 el salario real y mejoraron las jubilaciones\u00bb, evalu\u00f3.<\/p>\n\n\n\n<p>El presidente volvi\u00f3 a utilizar el t\u00e9rmino \u00abdeep motosierra\u00bb, como su ministro de Desregulaci\u00f3n, Federico Sturzenegger, lo hizo esta semana en el Coloquio de IDEA. \u00abLa motosierra no para nunca. En nuestro Gobierno la motosierra no va a parar jam\u00e1s. De hecho, la baja de gasto p\u00fablico est\u00e1 enfocada en poder bajar impuestos\u00bb, afirm\u00f3.<\/p>\n\n\n\n<p>Consultado sobre la proyecci\u00f3n de la inflaci\u00f3n, Milei respondi\u00f3: \u00abNosotros no hablamos de proyecciones. Las puedes hacer como un escenario para tener un orden de magnitudes. No me gusta hablar de proyecciones. La econom\u00eda es la ciencia de la acci\u00f3n humana. Si yo te digo &#8216;\u00bfqu\u00e9 vas a estar consumiendo de ac\u00e1 a 15 d\u00edas?&#8217;. No lo sab\u00e9s. Imaginate si tengo que hacer la proyecci\u00f3n para 47 millones de argentinos para todo un a\u00f1o. Es una quimera\u00bb.<\/p>\n","protected":false},"excerpt":{"rendered":"<p>El presidente Javier Milei reiter\u00f3 su compromiso de abrir el cepo al d\u00f3lar, pero aclar\u00f3 que no lo har\u00e1 \u00aba cualquier precio\u00bb y buscar\u00e1 el momento adecuado. \u00abEl cepo lo vamos a abrir. Soy liberal libertario. No hay nada que odie m\u00e1s que algo que restrinja la libertad de los individuos. Ahora, no estoy dispuesto [&hellip;]<\/p>\n","protected":false},"author":2,"featured_media":19421,"comment_status":"closed","ping_status":"open","sticky":false,"template":"","format":"standard","meta":{"footnotes":""},"categories":[8],"tags":[511],"class_list":{"0":"post-19417","1":"post","2":"type-post","3":"status-publish","4":"format-standard","5":"has-post-thumbnail","7":"category-nacionales","8":"tag-bloque-2"},"_links":{"self":[{"href":"https:\/\/zoomproducciones.com.ar\/zoomp\/wp-json\/wp\/v2\/posts\/19417","targetHints":{"allow":["GET"]}}],"collection":[{"href":"https:\/\/zoomproducciones.com.ar\/zoomp\/wp-json\/wp\/v2\/posts"}],"about":[{"href":"https:\/\/zoomproducciones.com.ar\/zoomp\/wp-json\/wp\/v2\/types\/post"}],"author":[{"embeddable":true,"href":"https:\/\/zoomproducciones.com.ar\/zoomp\/wp-json\/wp\/v2\/users\/2"}],"replies":[{"embeddable":true,"href":"https:\/\/zoomproducciones.com.ar\/zoomp\/wp-json\/wp\/v2\/comments?post=19417"}],"version-history":[{"count":1,"href":"https:\/\/zoomproducciones.com.ar\/zoomp\/wp-json\/wp\/v2\/posts\/19417\/revisions"}],"predecessor-version":[{"id":19424,"href":"https:\/\/zoomproducciones.com.ar\/zoomp\/wp-json\/wp\/v2\/posts\/19417\/revisions\/19424"}],"wp:featuredmedia":[{"embeddable":true,"href":"https:\/\/zoomproducciones.com.ar\/zoomp\/wp-json\/wp\/v2\/media\/19421"}],"wp:attachment":[{"href":"https:\/\/zoomproducciones.com.ar\/zoomp\/wp-json\/wp\/v2\/media?parent=19417"}],"wp:term":[{"taxonomy":"category","embeddable":true,"href":"https:\/\/zoomproducciones.com.ar\/zoomp\/wp-json\/wp\/v2\/categories?post=19417"},{"taxonomy":"post_tag","embeddable":true,"href":"https:\/\/zoomproducciones.com.ar\/zoomp\/wp-json\/wp\/v2\/tags?post=19417"}],"curies":[{"name":"wp","href":"https:\/\/api.w.org\/{rel}","templated":true}]}}