{"id":19406,"date":"2024-10-21T07:58:44","date_gmt":"2024-10-21T10:58:44","guid":{"rendered":"http:\/\/zoomproducciones.com.ar\/zoomp\/?p=19406"},"modified":"2024-10-21T07:58:44","modified_gmt":"2024-10-21T10:58:44","slug":"milei-critica-a-villarruel-por-elogios-a-isabel-peron-no-lo-hubiera-hecho","status":"publish","type":"post","link":"https:\/\/zoomproducciones.com.ar\/zoomp\/milei-critica-a-villarruel-por-elogios-a-isabel-peron-no-lo-hubiera-hecho\/","title":{"rendered":"Milei critica a Villarruel por elogios a Isabel Per\u00f3n: \u00abNo lo hubiera hecho\u00bb"},"content":{"rendered":"\n<p>El presidente Javier Milei se distanci\u00f3 de su vicepresidenta, Victoria Villarruel, por sus recientes elogios a la ex mandataria Mar\u00eda Estela Mart\u00ednez de Per\u00f3n. En declaraciones al canal TN, Milei afirm\u00f3: \u00abYo no lo hubiera hecho\u00bb, en referencia a la decisi\u00f3n de Villarruel de homenajear a la ex presidenta y colocar un busto suyo en el Senado.<\/p>\n\n\n\n<p>\u00abPara m\u00ed, el caso de la se\u00f1ora Mar\u00eda Estela Mart\u00ednez de Per\u00f3n no realza a las mujeres. Todo lo contrario. No creo que haya llegado a su lugar por sus m\u00e9ritos intelectuales y profesionales\u00bb, sostuvo Milei, quien se mostr\u00f3 cr\u00edtico con la reivindicaci\u00f3n de Villarruel.<\/p>\n\n\n\n<p>En relaci\u00f3n a la actualidad del Justicialismo, Milei consider\u00f3 que el enfrentamiento entre Cristina Kirchner y Axel Kicillof \u00abno es un problema\u00bb para \u00e9l. \u00abEs un problema de la oposici\u00f3n. Tambi\u00e9n hay una parte de morbo. Me encantar\u00eda meterle el \u00faltimo clavo al caj\u00f3n del kirchnerismo con Cristina Kirchner adentro\u00bb, enfatiz\u00f3.<\/p>\n\n\n\n<p>El mandatario se mostr\u00f3 confiado en su gesti\u00f3n: \u00abLos que estaban comiendo pochoclos esperando a que nos cay\u00e9ramos en abril deben estar bastante gordos, con mucho sobrepeso\u00bb. \u00abEstamos convencidos de que estamos haciendo el mejor gobierno de la historia. Recibimos una situaci\u00f3n extremadamente compleja, y bajamos la inflaci\u00f3n al 28%. Y va a seguir bajando, no tengan dudas\u00bb, afirm\u00f3.<\/p>\n\n\n\n<p>Milei tambi\u00e9n se refiri\u00f3 al veto al financiamiento de las universidades, se\u00f1alando que \u00abes muy interesante el tema de los estudiantes\u00bb porque \u00ablas universidades es lo que se considera en la Argentina una vaca sagrada\u00bb. \u00abLos pol\u00edticos utilizan estas causas nobles para esconder los robos. Lo mismo hicieron con los planes sociales. La imagen de las universidades cay\u00f3 30 puntos. Esto sucede porque la gente entendi\u00f3 de qu\u00e9 se trata eso\u00bb, agreg\u00f3.<\/p>\n\n\n\n<p>En ese marco, critic\u00f3 duramente al diputado nacional Miguel \u00c1ngel Pichetto: \u00abLa imagen m\u00e1s repugnante, rastrera y miserable de la pol\u00edtica la mostr\u00f3 el discurso de Miguel Pichetto. \u00c9l dijo \u2018Milei cree que gana con el veto, pero pierde\u2019. \u00c9l piensa en t\u00e9rminos de la vieja pol\u00edtica, en t\u00e9rminos populistas\u00bb, cuestion\u00f3.<\/p>\n","protected":false},"excerpt":{"rendered":"<p>El presidente Javier Milei se distanci\u00f3 de su vicepresidenta, Victoria Villarruel, por sus recientes elogios a la ex mandataria Mar\u00eda Estela Mart\u00ednez de Per\u00f3n. En declaraciones al canal TN, Milei afirm\u00f3: \u00abYo no lo hubiera hecho\u00bb, en referencia a la decisi\u00f3n de Villarruel de homenajear a la ex presidenta y colocar un busto suyo en [&hellip;]<\/p>\n","protected":false},"author":2,"featured_media":19407,"comment_status":"closed","ping_status":"open","sticky":false,"template":"","format":"standard","meta":{"footnotes":""},"categories":[8],"tags":[42],"class_list":{"0":"post-19406","1":"post","2":"type-post","3":"status-publish","4":"format-standard","5":"has-post-thumbnail","7":"category-nacionales","8":"tag-featured"},"_links":{"self":[{"href":"https:\/\/zoomproducciones.com.ar\/zoomp\/wp-json\/wp\/v2\/posts\/19406","targetHints":{"allow":["GET"]}}],"collection":[{"href":"https:\/\/zoomproducciones.com.ar\/zoomp\/wp-json\/wp\/v2\/posts"}],"about":[{"href":"https:\/\/zoomproducciones.com.ar\/zoomp\/wp-json\/wp\/v2\/types\/post"}],"author":[{"embeddable":true,"href":"https:\/\/zoomproducciones.com.ar\/zoomp\/wp-json\/wp\/v2\/users\/2"}],"replies":[{"embeddable":true,"href":"https:\/\/zoomproducciones.com.ar\/zoomp\/wp-json\/wp\/v2\/comments?post=19406"}],"version-history":[{"count":1,"href":"https:\/\/zoomproducciones.com.ar\/zoomp\/wp-json\/wp\/v2\/posts\/19406\/revisions"}],"predecessor-version":[{"id":19415,"href":"https:\/\/zoomproducciones.com.ar\/zoomp\/wp-json\/wp\/v2\/posts\/19406\/revisions\/19415"}],"wp:featuredmedia":[{"embeddable":true,"href":"https:\/\/zoomproducciones.com.ar\/zoomp\/wp-json\/wp\/v2\/media\/19407"}],"wp:attachment":[{"href":"https:\/\/zoomproducciones.com.ar\/zoomp\/wp-json\/wp\/v2\/media?parent=19406"}],"wp:term":[{"taxonomy":"category","embeddable":true,"href":"https:\/\/zoomproducciones.com.ar\/zoomp\/wp-json\/wp\/v2\/categories?post=19406"},{"taxonomy":"post_tag","embeddable":true,"href":"https:\/\/zoomproducciones.com.ar\/zoomp\/wp-json\/wp\/v2\/tags?post=19406"}],"curies":[{"name":"wp","href":"https:\/\/api.w.org\/{rel}","templated":true}]}}