{"id":19398,"date":"2024-10-18T08:14:09","date_gmt":"2024-10-18T11:14:09","guid":{"rendered":"http:\/\/zoomproducciones.com.ar\/zoomp\/?p=19398"},"modified":"2024-10-18T08:14:10","modified_gmt":"2024-10-18T11:14:10","slug":"valdes-en-el-coloquio-de-idea-sin-estrategia-y-sin-federalismo-el-desarrollo-es-imposible","status":"publish","type":"post","link":"https:\/\/zoomproducciones.com.ar\/zoomp\/valdes-en-el-coloquio-de-idea-sin-estrategia-y-sin-federalismo-el-desarrollo-es-imposible\/","title":{"rendered":"Vald\u00e9s en el Coloquio de IDEA: \u00abSin estrategia y sin federalismo, el desarrollo es imposible\u00bb"},"content":{"rendered":"\n<p>El gobernador de Corrientes, Gustavo Vald\u00e9s, particip\u00f3 en el segundo d\u00eda del 60\u00b0 Coloquio de IDEA en Mar del Plata, donde comparti\u00f3 un panel con sus pares de Entre R\u00edos, Chubut y Catamarca. El encuentro, que re\u00fane a la \u00e9lite empresarial del pa\u00eds, sirvi\u00f3 como plataforma para que Vald\u00e9s expusiera su visi\u00f3n sobre el desarrollo econ\u00f3mico del pa\u00eds y la necesidad de un mayor federalismo.<\/p>\n\n\n\n<p>\u00abSomos una provincia forestal, pero el pa\u00eds importa millones de d\u00f3lares en productos derivados de la madera\u00bb, destac\u00f3 Vald\u00e9s, se\u00f1alando la importancia de la inversi\u00f3n y el desarrollo conjunto entre las provincias y la Naci\u00f3n. \u00abUn Estado exitoso y competitivo es el que genera empresarios cada vez m\u00e1s potentes\u00bb, agreg\u00f3.<\/p>\n\n\n\n<p>Vald\u00e9s critic\u00f3 la falta de estrategia en materia de desarrollo econ\u00f3mico y la insuficiente participaci\u00f3n de las provincias en la toma de decisiones. \u00abLas provincias necesitamos mayor participaci\u00f3n y di\u00e1logo con la Naci\u00f3n para definir un rumbo com\u00fan que genere confianza y progreso\u00bb, afirm\u00f3.<\/p>\n\n\n\n<p>Como ejemplo de la falta de federalismo, cit\u00f3 el caso de la Central Hidroel\u00e9ctrica Yacyret\u00e1, donde Corrientes recibe solo 6 de los 1.500 millones de d\u00f3lares que genera la planta anualmente. \u00abEs una confiscaci\u00f3n de los recursos provinciales\u00bb, denunci\u00f3, y recalc\u00f3 la necesidad de una reforma constitucional para corregir esta situaci\u00f3n.<\/p>\n\n\n\n<p>El gobernador tambi\u00e9n se pronunci\u00f3 a favor del equilibrio fiscal, destacando que \u00abes fundamental y no tiene color pol\u00edtico\u00bb. \u00abEn Corrientes, cada peso lo destinamos al desarrollo y a impulsar exportaciones\u00bb, asegur\u00f3. \u00abTenemos mucho por hacer y trabajar. El momento es ahora, no podemos perder m\u00e1s tiempo\u00bb, cerr\u00f3.<\/p>\n\n\n\n<p>El discurso de Vald\u00e9s en el Coloquio de IDEA refleja la preocupaci\u00f3n de las provincias por la falta de federalismo y la necesidad de un mayor protagonismo en la construcci\u00f3n de un futuro pr\u00f3spero para la Argentina.<\/p>\n","protected":false},"excerpt":{"rendered":"<p>El gobernador de Corrientes, Gustavo Vald\u00e9s, particip\u00f3 en el segundo d\u00eda del 60\u00b0 Coloquio de IDEA en Mar del Plata, donde comparti\u00f3 un panel con sus pares de Entre R\u00edos, Chubut y Catamarca. El encuentro, que re\u00fane a la \u00e9lite empresarial del pa\u00eds, sirvi\u00f3 como plataforma para que Vald\u00e9s expusiera su visi\u00f3n sobre el desarrollo [&hellip;]<\/p>\n","protected":false},"author":2,"featured_media":19399,"comment_status":"closed","ping_status":"open","sticky":false,"template":"","format":"standard","meta":{"footnotes":""},"categories":[8],"tags":[511],"class_list":{"0":"post-19398","1":"post","2":"type-post","3":"status-publish","4":"format-standard","5":"has-post-thumbnail","7":"category-nacionales","8":"tag-bloque-2"},"_links":{"self":[{"href":"https:\/\/zoomproducciones.com.ar\/zoomp\/wp-json\/wp\/v2\/posts\/19398","targetHints":{"allow":["GET"]}}],"collection":[{"href":"https:\/\/zoomproducciones.com.ar\/zoomp\/wp-json\/wp\/v2\/posts"}],"about":[{"href":"https:\/\/zoomproducciones.com.ar\/zoomp\/wp-json\/wp\/v2\/types\/post"}],"author":[{"embeddable":true,"href":"https:\/\/zoomproducciones.com.ar\/zoomp\/wp-json\/wp\/v2\/users\/2"}],"replies":[{"embeddable":true,"href":"https:\/\/zoomproducciones.com.ar\/zoomp\/wp-json\/wp\/v2\/comments?post=19398"}],"version-history":[{"count":1,"href":"https:\/\/zoomproducciones.com.ar\/zoomp\/wp-json\/wp\/v2\/posts\/19398\/revisions"}],"predecessor-version":[{"id":19400,"href":"https:\/\/zoomproducciones.com.ar\/zoomp\/wp-json\/wp\/v2\/posts\/19398\/revisions\/19400"}],"wp:featuredmedia":[{"embeddable":true,"href":"https:\/\/zoomproducciones.com.ar\/zoomp\/wp-json\/wp\/v2\/media\/19399"}],"wp:attachment":[{"href":"https:\/\/zoomproducciones.com.ar\/zoomp\/wp-json\/wp\/v2\/media?parent=19398"}],"wp:term":[{"taxonomy":"category","embeddable":true,"href":"https:\/\/zoomproducciones.com.ar\/zoomp\/wp-json\/wp\/v2\/categories?post=19398"},{"taxonomy":"post_tag","embeddable":true,"href":"https:\/\/zoomproducciones.com.ar\/zoomp\/wp-json\/wp\/v2\/tags?post=19398"}],"curies":[{"name":"wp","href":"https:\/\/api.w.org\/{rel}","templated":true}]}}