{"id":19394,"date":"2024-10-18T08:14:14","date_gmt":"2024-10-18T11:14:14","guid":{"rendered":"http:\/\/zoomproducciones.com.ar\/zoomp\/?p=19394"},"modified":"2024-10-18T08:14:14","modified_gmt":"2024-10-18T11:14:14","slug":"10-anos-de-prision-para-un-hombre-por-abusar-sexualmente-de-sus-hijas-en-corrientes","status":"publish","type":"post","link":"https:\/\/zoomproducciones.com.ar\/zoomp\/10-anos-de-prision-para-un-hombre-por-abusar-sexualmente-de-sus-hijas-en-corrientes\/","title":{"rendered":"10 a\u00f1os de prisi\u00f3n para un hombre por abusar sexualmente de sus hijas en Corrientes"},"content":{"rendered":"\n<p>Un hombre fue condenado a 10 a\u00f1os de prisi\u00f3n por el Tribunal de Juicio de Corrientes, tras ser hallado culpable de abuso sexual de sus dos hijas menores de edad. La sentencia, que se dict\u00f3 este martes, considera los hechos como reiterados y agravados por la convivencia del acusado con las v\u00edctimas.<\/p>\n\n\n\n<p>F.A.G. fue declarado autor material de los delitos de \u00ababuso sexual gravemente ultrajante y abuso sexual con acceso carnal\u00bb en un primer hecho, y de \u00ababuso sexual simple en modalidad continuada\u00bb en un segundo hecho. Ambos casos fueron considerados \u00aben modalidad continuada\u00bb y \u00abpor haberse cometido contra menores de 18 a\u00f1os\u00bb.<\/p>\n\n\n\n<p>El Tribunal, integrado por Ariel H\u00e9ctor Gustavo Azcona (presidente) y Juan Jos\u00e9 Cochia y Rom\u00e1n Facundo Esquivel (vocales), orden\u00f3 el traslado inmediato del condenado a la Unidad Penal N\u00b06 de San Cayetano, quedando el cumplimiento de la pena en manos de la Oficina Judicial de Corrientes.<\/p>\n\n\n\n<p>Adem\u00e1s de la pena de prisi\u00f3n, la sentencia establece el \u00abimpedimento de contacto y comunicaci\u00f3n\u00bb con las v\u00edctimas por el t\u00e9rmino de la condena (10 a\u00f1os), incluyendo cualquier tipo de contacto f\u00edsico, verbal, hostigamiento o intimidaci\u00f3n por cualquier medio, incluyendo redes sociales y correo electr\u00f3nico. La desobediencia a esta medida podr\u00eda derivar en un nuevo delito.<\/p>\n\n\n\n<p>Los fundamentos de la sentencia ser\u00e1n dados a conocer el mi\u00e9rcoles 23 de octubre de 2024, quedando a disposici\u00f3n de las partes.<\/p>\n\n\n\n<p>Fuente: El Litoral.<\/p>\n","protected":false},"excerpt":{"rendered":"<p>Un hombre fue condenado a 10 a\u00f1os de prisi\u00f3n por el Tribunal de Juicio de Corrientes, tras ser hallado culpable de abuso sexual de sus dos hijas menores de edad. La sentencia, que se dict\u00f3 este martes, considera los hechos como reiterados y agravados por la convivencia del acusado con las v\u00edctimas. F.A.G. fue declarado [&hellip;]<\/p>\n","protected":false},"author":2,"featured_media":19396,"comment_status":"closed","ping_status":"open","sticky":false,"template":"","format":"standard","meta":{"footnotes":""},"categories":[3],"tags":[511],"class_list":{"0":"post-19394","1":"post","2":"type-post","3":"status-publish","4":"format-standard","5":"has-post-thumbnail","7":"category-provinciales","8":"tag-bloque-2"},"_links":{"self":[{"href":"https:\/\/zoomproducciones.com.ar\/zoomp\/wp-json\/wp\/v2\/posts\/19394","targetHints":{"allow":["GET"]}}],"collection":[{"href":"https:\/\/zoomproducciones.com.ar\/zoomp\/wp-json\/wp\/v2\/posts"}],"about":[{"href":"https:\/\/zoomproducciones.com.ar\/zoomp\/wp-json\/wp\/v2\/types\/post"}],"author":[{"embeddable":true,"href":"https:\/\/zoomproducciones.com.ar\/zoomp\/wp-json\/wp\/v2\/users\/2"}],"replies":[{"embeddable":true,"href":"https:\/\/zoomproducciones.com.ar\/zoomp\/wp-json\/wp\/v2\/comments?post=19394"}],"version-history":[{"count":1,"href":"https:\/\/zoomproducciones.com.ar\/zoomp\/wp-json\/wp\/v2\/posts\/19394\/revisions"}],"predecessor-version":[{"id":19402,"href":"https:\/\/zoomproducciones.com.ar\/zoomp\/wp-json\/wp\/v2\/posts\/19394\/revisions\/19402"}],"wp:featuredmedia":[{"embeddable":true,"href":"https:\/\/zoomproducciones.com.ar\/zoomp\/wp-json\/wp\/v2\/media\/19396"}],"wp:attachment":[{"href":"https:\/\/zoomproducciones.com.ar\/zoomp\/wp-json\/wp\/v2\/media?parent=19394"}],"wp:term":[{"taxonomy":"category","embeddable":true,"href":"https:\/\/zoomproducciones.com.ar\/zoomp\/wp-json\/wp\/v2\/categories?post=19394"},{"taxonomy":"post_tag","embeddable":true,"href":"https:\/\/zoomproducciones.com.ar\/zoomp\/wp-json\/wp\/v2\/tags?post=19394"}],"curies":[{"name":"wp","href":"https:\/\/api.w.org\/{rel}","templated":true}]}}