{"id":19386,"date":"2024-10-18T07:58:21","date_gmt":"2024-10-18T10:58:21","guid":{"rendered":"http:\/\/zoomproducciones.com.ar\/zoomp\/?p=19386"},"modified":"2024-10-18T07:58:21","modified_gmt":"2024-10-18T10:58:21","slug":"gago-debuta-en-boca-con-cambios-y-un-4-3-3-innegociable-romero-y-rojo-titulares","status":"publish","type":"post","link":"https:\/\/zoomproducciones.com.ar\/zoomp\/gago-debuta-en-boca-con-cambios-y-un-4-3-3-innegociable-romero-y-rojo-titulares\/","title":{"rendered":"Gago debuta en Boca con cambios y un 4-3-3 innegociable: \u00bfRomero y Rojo titulares?"},"content":{"rendered":"\n<p>El pr\u00f3ximo s\u00e1bado, a las 19:15, Fernando Gago har\u00e1 su debut oficial como entrenador de Boca Juniors en condici\u00f3n de visitante ante Tigre. Tras una intensa semana de entrenamientos, el DT ya dio indicios de lo que ser\u00eda su primer equipo titular, con una duda y algunas decisiones fuertes que generan expectativa en la afici\u00f3n.<\/p>\n\n\n\n<p>La llegada de Gago ha reavivado las esperanzas de muchos jugadores que hab\u00edan perdido su lugar en el equipo, pero tambi\u00e9n ha puesto la lupa sobre algunos casos particulares, como los de Sergio Romero, Marcos Rojo, Frank Fabra y Pol Fern\u00e1ndez. Estos cuatro jugadores, cuestionados por gran parte de la hinchada, tendr\u00e1n una oportunidad de redimirse bajo el mando del nuevo entrenador.<\/p>\n\n\n\n<p>Seg\u00fan las \u00faltimas informaciones, Pol Fern\u00e1ndez estar\u00eda descartado para el partido contra Tigre, mientras que Fabra corre con desventaja por su estado f\u00edsico y falta de ritmo. Sin embargo, el arquero Sergio Romero recuperar\u00eda su titularidad, y Marcos Rojo estar\u00eda en disputa por un lugar en la defensa central, compitiendo con Cristian Lema para formar dupla junto a Nicol\u00e1s Figal.<\/p>\n\n\n\n<p>Otra decisi\u00f3n clave de Gago es la implementaci\u00f3n de un esquema 4-3-3 innegociable, descartando el doble 9 posicional que se ven\u00eda utilizando. Esta decisi\u00f3n implica un cambio de rol para Miguel Merentiel, uno de los mejores jugadores de Boca, quien deber\u00e1 adaptarse a la izquierda del ataque, aportando mayor despliegue a su juego.<\/p>\n","protected":false},"excerpt":{"rendered":"<p>El pr\u00f3ximo s\u00e1bado, a las 19:15, Fernando Gago har\u00e1 su debut oficial como entrenador de Boca Juniors en condici\u00f3n de visitante ante Tigre. Tras una intensa semana de entrenamientos, el DT ya dio indicios de lo que ser\u00eda su primer equipo titular, con una duda y algunas decisiones fuertes que generan expectativa en la afici\u00f3n. [&hellip;]<\/p>\n","protected":false},"author":2,"featured_media":19388,"comment_status":"closed","ping_status":"open","sticky":false,"template":"","format":"standard","meta":{"footnotes":""},"categories":[372],"tags":[511],"class_list":{"0":"post-19386","1":"post","2":"type-post","3":"status-publish","4":"format-standard","5":"has-post-thumbnail","7":"category-futbol","8":"tag-bloque-2"},"_links":{"self":[{"href":"https:\/\/zoomproducciones.com.ar\/zoomp\/wp-json\/wp\/v2\/posts\/19386","targetHints":{"allow":["GET"]}}],"collection":[{"href":"https:\/\/zoomproducciones.com.ar\/zoomp\/wp-json\/wp\/v2\/posts"}],"about":[{"href":"https:\/\/zoomproducciones.com.ar\/zoomp\/wp-json\/wp\/v2\/types\/post"}],"author":[{"embeddable":true,"href":"https:\/\/zoomproducciones.com.ar\/zoomp\/wp-json\/wp\/v2\/users\/2"}],"replies":[{"embeddable":true,"href":"https:\/\/zoomproducciones.com.ar\/zoomp\/wp-json\/wp\/v2\/comments?post=19386"}],"version-history":[{"count":1,"href":"https:\/\/zoomproducciones.com.ar\/zoomp\/wp-json\/wp\/v2\/posts\/19386\/revisions"}],"predecessor-version":[{"id":19392,"href":"https:\/\/zoomproducciones.com.ar\/zoomp\/wp-json\/wp\/v2\/posts\/19386\/revisions\/19392"}],"wp:featuredmedia":[{"embeddable":true,"href":"https:\/\/zoomproducciones.com.ar\/zoomp\/wp-json\/wp\/v2\/media\/19388"}],"wp:attachment":[{"href":"https:\/\/zoomproducciones.com.ar\/zoomp\/wp-json\/wp\/v2\/media?parent=19386"}],"wp:term":[{"taxonomy":"category","embeddable":true,"href":"https:\/\/zoomproducciones.com.ar\/zoomp\/wp-json\/wp\/v2\/categories?post=19386"},{"taxonomy":"post_tag","embeddable":true,"href":"https:\/\/zoomproducciones.com.ar\/zoomp\/wp-json\/wp\/v2\/tags?post=19386"}],"curies":[{"name":"wp","href":"https:\/\/api.w.org\/{rel}","templated":true}]}}