{"id":19385,"date":"2024-10-18T07:58:16","date_gmt":"2024-10-18T10:58:16","guid":{"rendered":"http:\/\/zoomproducciones.com.ar\/zoomp\/?p=19385"},"modified":"2024-10-18T07:58:16","modified_gmt":"2024-10-18T10:58:16","slug":"milei-cerrara-el-coloquio-de-idea-en-mar-del-plata-nuevo-capitulo-en-la-relacion-con-el-empresariado","status":"publish","type":"post","link":"https:\/\/zoomproducciones.com.ar\/zoomp\/milei-cerrara-el-coloquio-de-idea-en-mar-del-plata-nuevo-capitulo-en-la-relacion-con-el-empresariado\/","title":{"rendered":"Milei cerrar\u00e1 el Coloquio de IDEA en Mar del Plata: \u00bfNuevo cap\u00edtulo en la relaci\u00f3n con el empresariado?"},"content":{"rendered":"\n<p>El presidente Javier Milei participar\u00e1 este viernes en el cierre del 60\u00b0 Coloquio de IDEA, el encuentro empresarial m\u00e1s importante del pa\u00eds, que se lleva a cabo en Mar del Plata. Su presencia, que se confirm\u00f3 luego de su ausencia el a\u00f1o pasado, genera expectativa sobre su relaci\u00f3n con el sector privado.<\/p>\n\n\n\n<p>Milei, quien el a\u00f1o pasado opt\u00f3 por organizar un \u00abcontracoloquio\u00bb en la ciudad balnearia, finalmente asistir\u00e1 al evento principal, dando un discurso titulado \u00abLa visi\u00f3n del Presidente de la Naci\u00f3n\u00bb.<\/p>\n\n\n\n<p>El ministro de Econom\u00eda, Luis Caputo, ya tuvo su momento en el Coloquio, destacando logros de la gesti\u00f3n y arremetiendo contra el kirchnerismo, al que calific\u00f3 de \u00abdelincuentes y burros\u00bb. Tambi\u00e9n confirm\u00f3 la continuidad del cepo cambiario y descart\u00f3 una devaluaci\u00f3n.<\/p>\n\n\n\n<p>Sin embargo, la presencia de Milei podr\u00eda generar un clima de tensi\u00f3n, ya que se espera una movilizaci\u00f3n de docentes y estudiantes de la Universidad Nacional de Mar del Plata (UNMDP) en rechazo al veto de la Ley de Financiamiento. Se implementar\u00e1 un operativo de seguridad especial en la zona del hotel Sheraton para garantizar la seguridad del evento.<\/p>\n\n\n\n<p>Adem\u00e1s de Milei y Caputo, el \u00faltimo d\u00eda del Coloquio contar\u00e1 con la presencia de Federico Sturzenegger, ministro de Desregulaci\u00f3n y Transformaci\u00f3n del Estado, quien expondr\u00e1 sobre \u00abLa necesidad de liberarnos del Estado\u00bb, en un panel que podr\u00eda generar nuevas controversias.<\/p>\n","protected":false},"excerpt":{"rendered":"<p>El presidente Javier Milei participar\u00e1 este viernes en el cierre del 60\u00b0 Coloquio de IDEA, el encuentro empresarial m\u00e1s importante del pa\u00eds, que se lleva a cabo en Mar del Plata. Su presencia, que se confirm\u00f3 luego de su ausencia el a\u00f1o pasado, genera expectativa sobre su relaci\u00f3n con el sector privado. Milei, quien el [&hellip;]<\/p>\n","protected":false},"author":2,"featured_media":19389,"comment_status":"closed","ping_status":"open","sticky":false,"template":"","format":"standard","meta":{"footnotes":""},"categories":[8],"tags":[511],"class_list":{"0":"post-19385","1":"post","2":"type-post","3":"status-publish","4":"format-standard","5":"has-post-thumbnail","7":"category-nacionales","8":"tag-bloque-2"},"_links":{"self":[{"href":"https:\/\/zoomproducciones.com.ar\/zoomp\/wp-json\/wp\/v2\/posts\/19385","targetHints":{"allow":["GET"]}}],"collection":[{"href":"https:\/\/zoomproducciones.com.ar\/zoomp\/wp-json\/wp\/v2\/posts"}],"about":[{"href":"https:\/\/zoomproducciones.com.ar\/zoomp\/wp-json\/wp\/v2\/types\/post"}],"author":[{"embeddable":true,"href":"https:\/\/zoomproducciones.com.ar\/zoomp\/wp-json\/wp\/v2\/users\/2"}],"replies":[{"embeddable":true,"href":"https:\/\/zoomproducciones.com.ar\/zoomp\/wp-json\/wp\/v2\/comments?post=19385"}],"version-history":[{"count":1,"href":"https:\/\/zoomproducciones.com.ar\/zoomp\/wp-json\/wp\/v2\/posts\/19385\/revisions"}],"predecessor-version":[{"id":19390,"href":"https:\/\/zoomproducciones.com.ar\/zoomp\/wp-json\/wp\/v2\/posts\/19385\/revisions\/19390"}],"wp:featuredmedia":[{"embeddable":true,"href":"https:\/\/zoomproducciones.com.ar\/zoomp\/wp-json\/wp\/v2\/media\/19389"}],"wp:attachment":[{"href":"https:\/\/zoomproducciones.com.ar\/zoomp\/wp-json\/wp\/v2\/media?parent=19385"}],"wp:term":[{"taxonomy":"category","embeddable":true,"href":"https:\/\/zoomproducciones.com.ar\/zoomp\/wp-json\/wp\/v2\/categories?post=19385"},{"taxonomy":"post_tag","embeddable":true,"href":"https:\/\/zoomproducciones.com.ar\/zoomp\/wp-json\/wp\/v2\/tags?post=19385"}],"curies":[{"name":"wp","href":"https:\/\/api.w.org\/{rel}","templated":true}]}}