{"id":19369,"date":"2024-10-17T08:43:36","date_gmt":"2024-10-17T11:43:36","guid":{"rendered":"http:\/\/zoomproducciones.com.ar\/zoomp\/?p=19369"},"modified":"2024-10-18T07:45:03","modified_gmt":"2024-10-18T10:45:03","slug":"paso-de-los-libres-identifican-a-sospechosos-por-amenazas-con-armas","status":"publish","type":"post","link":"https:\/\/zoomproducciones.com.ar\/zoomp\/paso-de-los-libres-identifican-a-sospechosos-por-amenazas-con-armas\/","title":{"rendered":"Paso de los Libres: identifican a sospechosos por amenazas con armas"},"content":{"rendered":"\n<p>La Comisar\u00eda 2\u00ba de Paso de los Libres inici\u00f3 una investigaci\u00f3n judicial tras recibir la denuncia de una persona que habr\u00eda sido v\u00edctima de amenazas calificadas con el uso de armas.<\/p>\n\n\n\n<p>Seg\u00fan informaron fuentes policiales, el jefe de la dependencia orden\u00f3 la intervenci\u00f3n del \u00e1rea de investigaciones, que logr\u00f3 identificar a los presuntos autores del hecho mediante el an\u00e1lisis de im\u00e1genes. Posteriormente, y con una orden judicial, se procedi\u00f3 al secuestro de elementos de inter\u00e9s para la causa.<\/p>\n\n\n\n<p>Las autoridades contin\u00faan con las pesquisas para esclarecer el caso.<\/p>\n","protected":false},"excerpt":{"rendered":"<p>La Comisar\u00eda 2\u00ba de Paso de los Libres inici\u00f3 una investigaci\u00f3n judicial tras recibir la denuncia de una persona que habr\u00eda sido v\u00edctima de amenazas calificadas con el uso de armas. Seg\u00fan informaron fuentes policiales, el jefe de la dependencia orden\u00f3 la intervenci\u00f3n del \u00e1rea de investigaciones, que logr\u00f3 identificar a los presuntos autores del [&hellip;]<\/p>\n","protected":false},"author":2,"featured_media":19370,"comment_status":"closed","ping_status":"open","sticky":false,"template":"","format":"standard","meta":{"footnotes":""},"categories":[5],"tags":[42],"class_list":{"0":"post-19369","1":"post","2":"type-post","3":"status-publish","4":"format-standard","5":"has-post-thumbnail","7":"category-locales","8":"tag-featured"},"_links":{"self":[{"href":"https:\/\/zoomproducciones.com.ar\/zoomp\/wp-json\/wp\/v2\/posts\/19369","targetHints":{"allow":["GET"]}}],"collection":[{"href":"https:\/\/zoomproducciones.com.ar\/zoomp\/wp-json\/wp\/v2\/posts"}],"about":[{"href":"https:\/\/zoomproducciones.com.ar\/zoomp\/wp-json\/wp\/v2\/types\/post"}],"author":[{"embeddable":true,"href":"https:\/\/zoomproducciones.com.ar\/zoomp\/wp-json\/wp\/v2\/users\/2"}],"replies":[{"embeddable":true,"href":"https:\/\/zoomproducciones.com.ar\/zoomp\/wp-json\/wp\/v2\/comments?post=19369"}],"version-history":[{"count":1,"href":"https:\/\/zoomproducciones.com.ar\/zoomp\/wp-json\/wp\/v2\/posts\/19369\/revisions"}],"predecessor-version":[{"id":19377,"href":"https:\/\/zoomproducciones.com.ar\/zoomp\/wp-json\/wp\/v2\/posts\/19369\/revisions\/19377"}],"wp:featuredmedia":[{"embeddable":true,"href":"https:\/\/zoomproducciones.com.ar\/zoomp\/wp-json\/wp\/v2\/media\/19370"}],"wp:attachment":[{"href":"https:\/\/zoomproducciones.com.ar\/zoomp\/wp-json\/wp\/v2\/media?parent=19369"}],"wp:term":[{"taxonomy":"category","embeddable":true,"href":"https:\/\/zoomproducciones.com.ar\/zoomp\/wp-json\/wp\/v2\/categories?post=19369"},{"taxonomy":"post_tag","embeddable":true,"href":"https:\/\/zoomproducciones.com.ar\/zoomp\/wp-json\/wp\/v2\/tags?post=19369"}],"curies":[{"name":"wp","href":"https:\/\/api.w.org\/{rel}","templated":true}]}}