{"id":19364,"date":"2024-10-17T08:28:27","date_gmt":"2024-10-17T11:28:27","guid":{"rendered":"http:\/\/zoomproducciones.com.ar\/zoomp\/?p=19364"},"modified":"2024-10-17T08:28:28","modified_gmt":"2024-10-17T11:28:28","slug":"kicillof-encabezara-el-acto-por-el-dia-de-la-lealtad-en-medio-de-la-interna-peronista","status":"publish","type":"post","link":"https:\/\/zoomproducciones.com.ar\/zoomp\/kicillof-encabezara-el-acto-por-el-dia-de-la-lealtad-en-medio-de-la-interna-peronista\/","title":{"rendered":"Kicillof encabezar\u00e1 el acto por el D\u00eda de la Lealtad en medio de la interna peronista"},"content":{"rendered":"\n<p>En un contexto de fuerte interna dentro del peronismo, el gobernador bonaerense Axel Kicillof encabezar\u00e1 este jueves el acto por el D\u00eda de la Lealtad en Berisso. El encuentro, que tendr\u00e1 como \u00fanico orador a Kicillof, se desarrollar\u00e1 en medio del fuego cruzado por la disputa entre el gobernador de La Rioja, Ricardo Quintela, y la ex presidenta Cristina Kirchner por la conducci\u00f3n del Partido Justicialista.<\/p>\n\n\n\n<p>\u00abLealtad al pueblo. La patria no se vende\u00bb, es la consigna del acto que tendr\u00e1 lugar a las 16 horas, en un momento donde la tensi\u00f3n interna en el peronismo alcanza niveles m\u00e1ximos. Kicillof, quien se mantiene en silencio con relaci\u00f3n a la disputa por la conducci\u00f3n del PJ, se espera que emita un mensaje en este acto.<\/p>\n\n\n\n<p>\u00abEste jueves nos encontramos en Berisso para recordar la gesta hist\u00f3rica que nos ense\u00f1\u00f3 que la lealtad es con el pueblo y la Patria no se vende. \u00a1Nos vemos en el kil\u00f3metro 0 del peronismo!\u00bb, escribi\u00f3 Kicillof en sus redes sociales, convocando a la militancia.<\/p>\n\n\n\n<p>El acto, impulsado por los intendentes Fabi\u00e1n Cagliardi (Berisso), Mario Secco (Ensenada) y Julio Alak (La Plata), contar\u00e1 con la presencia de varios funcionarios del gobierno bonaerense, como los ministros Carlos Bianco, Andr\u00e9s Larroque, Walter Correa y Cristina \u00c1lvarez Rodr\u00edguez, as\u00ed como el intendente Jorge Ferraresi (Avellaneda).<\/p>\n\n\n\n<p>La expectativa est\u00e1 puesta en el discurso de Kicillof, que se espera que haga referencia a la coyuntura pol\u00edtica actual y, quiz\u00e1s, tambi\u00e9n a la interna del PJ. La disputa por la conducci\u00f3n del partido se intensific\u00f3 con el \u00aboperativo clamor\u00bb de La C\u00e1mpora, que busca que Cristina Kirchner asuma la presidencia del PJ, en un escenario que se presenta cada vez m\u00e1s complejo y polarizado.<\/p>\n\n\n\n<p>El D\u00eda de la Lealtad, que conmemora el hist\u00f3rico acto de lealtad de los trabajadores a Hip\u00f3lito Yrigoyen en 1946, se convierte en un escenario clave para observar la postura de Kicillof frente a la interna del peronismo. Su discurso podr\u00eda ser un indicio de c\u00f3mo se posicionar\u00e1 en la compleja batalla interna que se desarrolla dentro del PJ.<\/p>\n","protected":false},"excerpt":{"rendered":"<p>En un contexto de fuerte interna dentro del peronismo, el gobernador bonaerense Axel Kicillof encabezar\u00e1 este jueves el acto por el D\u00eda de la Lealtad en Berisso. El encuentro, que tendr\u00e1 como \u00fanico orador a Kicillof, se desarrollar\u00e1 en medio del fuego cruzado por la disputa entre el gobernador de La Rioja, Ricardo Quintela, y [&hellip;]<\/p>\n","protected":false},"author":2,"featured_media":19367,"comment_status":"closed","ping_status":"open","sticky":false,"template":"","format":"standard","meta":{"footnotes":""},"categories":[8],"tags":[511],"class_list":{"0":"post-19364","1":"post","2":"type-post","3":"status-publish","4":"format-standard","5":"has-post-thumbnail","7":"category-nacionales","8":"tag-bloque-2"},"_links":{"self":[{"href":"https:\/\/zoomproducciones.com.ar\/zoomp\/wp-json\/wp\/v2\/posts\/19364","targetHints":{"allow":["GET"]}}],"collection":[{"href":"https:\/\/zoomproducciones.com.ar\/zoomp\/wp-json\/wp\/v2\/posts"}],"about":[{"href":"https:\/\/zoomproducciones.com.ar\/zoomp\/wp-json\/wp\/v2\/types\/post"}],"author":[{"embeddable":true,"href":"https:\/\/zoomproducciones.com.ar\/zoomp\/wp-json\/wp\/v2\/users\/2"}],"replies":[{"embeddable":true,"href":"https:\/\/zoomproducciones.com.ar\/zoomp\/wp-json\/wp\/v2\/comments?post=19364"}],"version-history":[{"count":1,"href":"https:\/\/zoomproducciones.com.ar\/zoomp\/wp-json\/wp\/v2\/posts\/19364\/revisions"}],"predecessor-version":[{"id":19368,"href":"https:\/\/zoomproducciones.com.ar\/zoomp\/wp-json\/wp\/v2\/posts\/19364\/revisions\/19368"}],"wp:featuredmedia":[{"embeddable":true,"href":"https:\/\/zoomproducciones.com.ar\/zoomp\/wp-json\/wp\/v2\/media\/19367"}],"wp:attachment":[{"href":"https:\/\/zoomproducciones.com.ar\/zoomp\/wp-json\/wp\/v2\/media?parent=19364"}],"wp:term":[{"taxonomy":"category","embeddable":true,"href":"https:\/\/zoomproducciones.com.ar\/zoomp\/wp-json\/wp\/v2\/categories?post=19364"},{"taxonomy":"post_tag","embeddable":true,"href":"https:\/\/zoomproducciones.com.ar\/zoomp\/wp-json\/wp\/v2\/tags?post=19364"}],"curies":[{"name":"wp","href":"https:\/\/api.w.org\/{rel}","templated":true}]}}