{"id":19346,"date":"2024-10-17T08:15:52","date_gmt":"2024-10-17T11:15:52","guid":{"rendered":"http:\/\/zoomproducciones.com.ar\/zoomp\/?p=19346"},"modified":"2024-10-17T08:15:53","modified_gmt":"2024-10-17T11:15:53","slug":"gustavo-valdes-unico-candidato-a-presidente-de-la-ucr-corrientes-la-junta-electoral-oficializa-su-lista","status":"publish","type":"post","link":"https:\/\/zoomproducciones.com.ar\/zoomp\/gustavo-valdes-unico-candidato-a-presidente-de-la-ucr-corrientes-la-junta-electoral-oficializa-su-lista\/","title":{"rendered":"Gustavo Vald\u00e9s \u00fanico candidato a presidente de la UCR Corrientes: la Junta Electoral oficializa su lista"},"content":{"rendered":"\n<p>La Junta Electoral de la UCR Corrientes proclam\u00f3 este mi\u00e9rcoles la lista \u00fanica encabezada por el gobernador Gustavo Vald\u00e9s, tras el vencimiento del plazo para la presentaci\u00f3n de listas de candidatos a autoridades partidarias provinciales y distritales.<\/p>\n\n\n\n<p>La lista, que cuenta con el apoyo de los intendentes radicales, legisladores provinciales y nacionales, concejales y dirigentes de distintos puntos de la provincia, fue la \u00fanica presentada a nivel provincial.<\/p>\n\n\n\n<p>La semana pasada, el ex gobernador Ricardo Colombi hab\u00eda intentado postergar las elecciones para mayo de 2025, pero la Justicia Federal con competencia electoral desestim\u00f3 la solicitud y orden\u00f3 continuar con el cronograma original.<\/p>\n\n\n\n<p>Si bien Colombi no present\u00f3 lista a nivel provincial, un grupo de dirigentes de su entorno intent\u00f3 impugnar la lista de Vald\u00e9s, pero la Junta Electoral desestim\u00f3 las impugnaciones por falta de sustento, ya que los impugnantes no hab\u00edan presentado una lista propia.<\/p>\n\n\n\n<p>La oficializaci\u00f3n de la lista de Vald\u00e9s implica que en m\u00e1s de 50 municipios donde no hubo competencia, se avanzar\u00e1 con la proclamaci\u00f3n de los candidatos distritales. En una veintena de municipios donde la lista de Colombi, \u00abRadicales en acci\u00f3n\u00bb, pudo presentar candidaturas, el cronograma continuar\u00e1 hasta la celebraci\u00f3n de elecciones el pr\u00f3ximo 27 de octubre.<\/p>\n\n\n\n<p>La proclamaci\u00f3n de Vald\u00e9s como \u00fanico candidato a presidente de la UCR Corrientes consolida su liderazgo dentro del partido y lo posiciona como figura central en la pr\u00f3xima contienda electoral.<\/p>\n","protected":false},"excerpt":{"rendered":"<p>La Junta Electoral de la UCR Corrientes proclam\u00f3 este mi\u00e9rcoles la lista \u00fanica encabezada por el gobernador Gustavo Vald\u00e9s, tras el vencimiento del plazo para la presentaci\u00f3n de listas de candidatos a autoridades partidarias provinciales y distritales. La lista, que cuenta con el apoyo de los intendentes radicales, legisladores provinciales y nacionales, concejales y dirigentes [&hellip;]<\/p>\n","protected":false},"author":2,"featured_media":19347,"comment_status":"closed","ping_status":"open","sticky":false,"template":"","format":"standard","meta":{"footnotes":""},"categories":[3],"tags":[42],"class_list":{"0":"post-19346","1":"post","2":"type-post","3":"status-publish","4":"format-standard","5":"has-post-thumbnail","7":"category-provinciales","8":"tag-featured"},"_links":{"self":[{"href":"https:\/\/zoomproducciones.com.ar\/zoomp\/wp-json\/wp\/v2\/posts\/19346","targetHints":{"allow":["GET"]}}],"collection":[{"href":"https:\/\/zoomproducciones.com.ar\/zoomp\/wp-json\/wp\/v2\/posts"}],"about":[{"href":"https:\/\/zoomproducciones.com.ar\/zoomp\/wp-json\/wp\/v2\/types\/post"}],"author":[{"embeddable":true,"href":"https:\/\/zoomproducciones.com.ar\/zoomp\/wp-json\/wp\/v2\/users\/2"}],"replies":[{"embeddable":true,"href":"https:\/\/zoomproducciones.com.ar\/zoomp\/wp-json\/wp\/v2\/comments?post=19346"}],"version-history":[{"count":1,"href":"https:\/\/zoomproducciones.com.ar\/zoomp\/wp-json\/wp\/v2\/posts\/19346\/revisions"}],"predecessor-version":[{"id":19353,"href":"https:\/\/zoomproducciones.com.ar\/zoomp\/wp-json\/wp\/v2\/posts\/19346\/revisions\/19353"}],"wp:featuredmedia":[{"embeddable":true,"href":"https:\/\/zoomproducciones.com.ar\/zoomp\/wp-json\/wp\/v2\/media\/19347"}],"wp:attachment":[{"href":"https:\/\/zoomproducciones.com.ar\/zoomp\/wp-json\/wp\/v2\/media?parent=19346"}],"wp:term":[{"taxonomy":"category","embeddable":true,"href":"https:\/\/zoomproducciones.com.ar\/zoomp\/wp-json\/wp\/v2\/categories?post=19346"},{"taxonomy":"post_tag","embeddable":true,"href":"https:\/\/zoomproducciones.com.ar\/zoomp\/wp-json\/wp\/v2\/tags?post=19346"}],"curies":[{"name":"wp","href":"https:\/\/api.w.org\/{rel}","templated":true}]}}