{"id":19338,"date":"2024-10-16T08:35:01","date_gmt":"2024-10-16T11:35:01","guid":{"rendered":"http:\/\/zoomproducciones.com.ar\/zoomp\/?p=19338"},"modified":"2024-10-16T08:35:01","modified_gmt":"2024-10-16T11:35:01","slug":"estaba-preso-por-ser-el-principal-sospechoso-de-matar-a-su-pareja-y-lo-encontraron-muerto-en-el-calabozo","status":"publish","type":"post","link":"https:\/\/zoomproducciones.com.ar\/zoomp\/estaba-preso-por-ser-el-principal-sospechoso-de-matar-a-su-pareja-y-lo-encontraron-muerto-en-el-calabozo\/","title":{"rendered":"Estaba preso por ser el principal sospechoso de matar a su pareja y lo encontraron muerto en el calabozo"},"content":{"rendered":"\n<p>Mariano Wanderkauven, el principal sospechoso del femicidio de Marcela M\u00f3nica Vedda, quien fue hallada sin vida el pasado fin de semana en un albergue transitorio de Tandil, muri\u00f3 este martes en la celda donde se encontraba detenido.<\/p>\n\n\n\n<p>El hombre, de 42 a\u00f1os, fue encontrado ahorcado en un calabozo de la comisar\u00eda primera de la ciudad.<\/p>\n\n\n\n<p>Las autoridades judiciales y cient\u00edficas iniciaron una investigaci\u00f3n a cargo de la Polic\u00eda Federal Argentina para determinar las circunstancias de la muerte de Wanderkauven, incluyendo la actuaci\u00f3n de los efectivos policiales que se encontraban en la dependencia al momento del hecho.<\/p>\n\n\n\n<p>Wanderkauven enfrentaba una posible condena a cadena perpetua por el femicidio de Vedda, de 54 a\u00f1os, ocurrido el s\u00e1bado pasado en un albergue de la calle Urquiza al 1.500, en Tandil.<\/p>\n\n\n\n<p>La autopsia confirm\u00f3 que Vedda muri\u00f3 por asfixia mec\u00e1nica por ahorcamiento. El informe fue entregado al fiscal Guillermo Vaticano, titular de la Fiscal\u00eda de Violencia de G\u00e9nero de Tandil, quien se encuentra al frente de la investigaci\u00f3n.<\/p>\n\n\n\n<p>Las autoridades deber\u00e1n determinar si se trat\u00f3 de un suicidio o si existieron otras circunstancias que pudieron haber contribuido a la muerte de Wanderkauven.<\/p>\n","protected":false},"excerpt":{"rendered":"<p>Mariano Wanderkauven, el principal sospechoso del femicidio de Marcela M\u00f3nica Vedda, quien fue hallada sin vida el pasado fin de semana en un albergue transitorio de Tandil, muri\u00f3 este martes en la celda donde se encontraba detenido. El hombre, de 42 a\u00f1os, fue encontrado ahorcado en un calabozo de la comisar\u00eda primera de la ciudad. [&hellip;]<\/p>\n","protected":false},"author":2,"featured_media":19341,"comment_status":"closed","ping_status":"open","sticky":false,"template":"","format":"standard","meta":{"footnotes":""},"categories":[8],"tags":[511],"class_list":{"0":"post-19338","1":"post","2":"type-post","3":"status-publish","4":"format-standard","5":"has-post-thumbnail","7":"category-nacionales","8":"tag-bloque-2"},"_links":{"self":[{"href":"https:\/\/zoomproducciones.com.ar\/zoomp\/wp-json\/wp\/v2\/posts\/19338","targetHints":{"allow":["GET"]}}],"collection":[{"href":"https:\/\/zoomproducciones.com.ar\/zoomp\/wp-json\/wp\/v2\/posts"}],"about":[{"href":"https:\/\/zoomproducciones.com.ar\/zoomp\/wp-json\/wp\/v2\/types\/post"}],"author":[{"embeddable":true,"href":"https:\/\/zoomproducciones.com.ar\/zoomp\/wp-json\/wp\/v2\/users\/2"}],"replies":[{"embeddable":true,"href":"https:\/\/zoomproducciones.com.ar\/zoomp\/wp-json\/wp\/v2\/comments?post=19338"}],"version-history":[{"count":1,"href":"https:\/\/zoomproducciones.com.ar\/zoomp\/wp-json\/wp\/v2\/posts\/19338\/revisions"}],"predecessor-version":[{"id":19343,"href":"https:\/\/zoomproducciones.com.ar\/zoomp\/wp-json\/wp\/v2\/posts\/19338\/revisions\/19343"}],"wp:featuredmedia":[{"embeddable":true,"href":"https:\/\/zoomproducciones.com.ar\/zoomp\/wp-json\/wp\/v2\/media\/19341"}],"wp:attachment":[{"href":"https:\/\/zoomproducciones.com.ar\/zoomp\/wp-json\/wp\/v2\/media?parent=19338"}],"wp:term":[{"taxonomy":"category","embeddable":true,"href":"https:\/\/zoomproducciones.com.ar\/zoomp\/wp-json\/wp\/v2\/categories?post=19338"},{"taxonomy":"post_tag","embeddable":true,"href":"https:\/\/zoomproducciones.com.ar\/zoomp\/wp-json\/wp\/v2\/tags?post=19338"}],"curies":[{"name":"wp","href":"https:\/\/api.w.org\/{rel}","templated":true}]}}