{"id":19321,"date":"2024-10-16T08:12:48","date_gmt":"2024-10-16T11:12:48","guid":{"rendered":"http:\/\/zoomproducciones.com.ar\/zoomp\/?p=19321"},"modified":"2024-10-16T08:12:51","modified_gmt":"2024-10-16T11:12:51","slug":"la-madre-de-juana-sirimarco-denuncia-abandono-de-persona-responsabiliza-a-la-empresa-la-maestra-y-la-escuela","status":"publish","type":"post","link":"https:\/\/zoomproducciones.com.ar\/zoomp\/la-madre-de-juana-sirimarco-denuncia-abandono-de-persona-responsabiliza-a-la-empresa-la-maestra-y-la-escuela\/","title":{"rendered":"La madre de Juana Sirimarco denuncia abandono de persona: responsabiliza a la empresa, la maestra y la escuela"},"content":{"rendered":"\n<p>Claudia D\u00edaz, madre de Juana Sirimarco, la ni\u00f1a misionera que muri\u00f3 tras regresar de un viaje de egresada, denunci\u00f3 un caso de \u00ababandono de persona\u00bb y responsabiliz\u00f3 a la empresa de viajes, a la maestra y a la escuela donde Juana cursaba el \u00faltimo a\u00f1o del ciclo primario.<\/p>\n\n\n\n<p>D\u00edaz asegur\u00f3 que su hija no recibi\u00f3 la atenci\u00f3n m\u00e9dica necesaria durante el viaje desde C\u00f3rdoba. Juana se descompuso durante el trayecto y al llegar a Posadas \u00abya no pod\u00eda reaccionar\u00bb.<\/p>\n\n\n\n<p>\u00abC\u00f3mo la maestra no se va a dar cuenta que una persona est\u00e1 mal, una ni\u00f1a. Fue abandono de persona y ella la entreg\u00f3 porque ya ten\u00eda la presi\u00f3n baj\u00edsima, ya no estaba latiendo bien el coraz\u00f3n y estaba somnolienta\u00bb, lament\u00f3 la madre.<\/p>\n\n\n\n<p>D\u00edaz relat\u00f3 que le pidi\u00f3 a la maestra que llevaran a Juana al hospital de Virasoro, Corrientes, pero la docente se neg\u00f3, argumentando que la atenci\u00f3n m\u00e9dica all\u00ed era \u00abp\u00e9sima\u00bb.<\/p>\n\n\n\n<p>\u00abSi mi hija ten\u00eda el tel\u00e9fono, a lo mejor me iba a decir &#8216;mam\u00e1, estoy mal&#8217; y s\u00e9 que ella tampoco le iba a pedir a la maestra porque era muy obediente\u00bb, se\u00f1al\u00f3 D\u00edaz.<\/p>\n\n\n\n<p>A la ma\u00f1ana siguiente, Juana le dijo a su madre \u00abYa no puedo m\u00e1s, necesito bajar\u00bb. D\u00edaz contact\u00f3 al padre de la ni\u00f1a, quien se dirigi\u00f3 a la empresa de viajes, pero no encontraron una ambulancia disponible y tuvieron que enviar un auto com\u00fan con una mujer.<\/p>\n\n\n\n<p>Juana lleg\u00f3 a Posadas y fue trasladada al Hospital Pedi\u00e1trico Fernando Barreyro, donde falleci\u00f3 horas despu\u00e9s por una influenza B combinada con una sepsis.<\/p>\n\n\n\n<p>Las autoridades del Instituto Cristiano Rep\u00fablica Argentina (ICRA) deslindaron su responsabilidad, asegurando que no participaron de la organizaci\u00f3n del viaje y que suspendieron las clases para preservar a la comunidad educativa.<\/p>\n\n\n\n<p>El juez Ricardo Balor, de oficio, inici\u00f3 una investigaci\u00f3n para evaluar si hubo alguna conducta que deba ser investigada penalmente. La \u00fanica informaci\u00f3n que se ha brindado hasta el momento proviene de los m\u00e9dicos.<\/p>\n","protected":false},"excerpt":{"rendered":"<p>Claudia D\u00edaz, madre de Juana Sirimarco, la ni\u00f1a misionera que muri\u00f3 tras regresar de un viaje de egresada, denunci\u00f3 un caso de \u00ababandono de persona\u00bb y responsabiliz\u00f3 a la empresa de viajes, a la maestra y a la escuela donde Juana cursaba el \u00faltimo a\u00f1o del ciclo primario. D\u00edaz asegur\u00f3 que su hija no recibi\u00f3 [&hellip;]<\/p>\n","protected":false},"author":2,"featured_media":19324,"comment_status":"closed","ping_status":"open","sticky":false,"template":"","format":"standard","meta":{"footnotes":""},"categories":[8],"tags":[511],"class_list":{"0":"post-19321","1":"post","2":"type-post","3":"status-publish","4":"format-standard","5":"has-post-thumbnail","7":"category-nacionales","8":"tag-bloque-2"},"_links":{"self":[{"href":"https:\/\/zoomproducciones.com.ar\/zoomp\/wp-json\/wp\/v2\/posts\/19321","targetHints":{"allow":["GET"]}}],"collection":[{"href":"https:\/\/zoomproducciones.com.ar\/zoomp\/wp-json\/wp\/v2\/posts"}],"about":[{"href":"https:\/\/zoomproducciones.com.ar\/zoomp\/wp-json\/wp\/v2\/types\/post"}],"author":[{"embeddable":true,"href":"https:\/\/zoomproducciones.com.ar\/zoomp\/wp-json\/wp\/v2\/users\/2"}],"replies":[{"embeddable":true,"href":"https:\/\/zoomproducciones.com.ar\/zoomp\/wp-json\/wp\/v2\/comments?post=19321"}],"version-history":[{"count":1,"href":"https:\/\/zoomproducciones.com.ar\/zoomp\/wp-json\/wp\/v2\/posts\/19321\/revisions"}],"predecessor-version":[{"id":19326,"href":"https:\/\/zoomproducciones.com.ar\/zoomp\/wp-json\/wp\/v2\/posts\/19321\/revisions\/19326"}],"wp:featuredmedia":[{"embeddable":true,"href":"https:\/\/zoomproducciones.com.ar\/zoomp\/wp-json\/wp\/v2\/media\/19324"}],"wp:attachment":[{"href":"https:\/\/zoomproducciones.com.ar\/zoomp\/wp-json\/wp\/v2\/media?parent=19321"}],"wp:term":[{"taxonomy":"category","embeddable":true,"href":"https:\/\/zoomproducciones.com.ar\/zoomp\/wp-json\/wp\/v2\/categories?post=19321"},{"taxonomy":"post_tag","embeddable":true,"href":"https:\/\/zoomproducciones.com.ar\/zoomp\/wp-json\/wp\/v2\/tags?post=19321"}],"curies":[{"name":"wp","href":"https:\/\/api.w.org\/{rel}","templated":true}]}}