{"id":19320,"date":"2024-10-16T08:12:50","date_gmt":"2024-10-16T11:12:50","guid":{"rendered":"http:\/\/zoomproducciones.com.ar\/zoomp\/?p=19320"},"modified":"2024-10-16T08:12:51","modified_gmt":"2024-10-16T11:12:51","slug":"seis-provincias-del-litoral-firman-un-tratado-para-fortalecer-la-integracion-regional","status":"publish","type":"post","link":"https:\/\/zoomproducciones.com.ar\/zoomp\/seis-provincias-del-litoral-firman-un-tratado-para-fortalecer-la-integracion-regional\/","title":{"rendered":"Seis provincias del Litoral firman un tratado para fortalecer la integraci\u00f3n regional"},"content":{"rendered":"\n<p>Este mi\u00e9rcoles a las 13:00 horas, los gobernadores de seis provincias argentinas se reunir\u00e1n en la ciudad de Santa Fe para firmar un tratado que formaliza la creaci\u00f3n del bloque de integraci\u00f3n \u00abRegi\u00f3n Litoral\u00bb.<\/p>\n\n\n\n<p>El acto, que se llevar\u00e1 a cabo en el Centro Cultural La Redonda, contar\u00e1 con la presencia de los mandatarios de Santa Fe, Maximiliano Pullaro; Corrientes, Gustavo Vald\u00e9s; Chaco, Leandro Zdero; Entre R\u00edos, Rogelio Frigerio; Formosa, Gildo Insfr\u00e1n; y Misiones, Hugo Passalacqua.<\/p>\n\n\n\n<p>Este acuerdo, que se basa en el \u00abhermanamiento\u00bb firmado en septiembre, tiene como objetivo fortalecer las pol\u00edticas federales y las relaciones entre las provincias integrantes. La \u00abRegi\u00f3n Litoral\u00bb busca promover el desarrollo econ\u00f3mico, productivo y log\u00edstico, as\u00ed como impulsar el crecimiento en \u00e1reas como el desarrollo humano, la salud, la seguridad, la educaci\u00f3n, la ciencia y la cultura.<\/p>\n\n\n\n<p>La conformaci\u00f3n de este bloque se fundamenta en los estrechos v\u00ednculos hist\u00f3ricos, geogr\u00e1ficos, econ\u00f3micos, productivos, sociales y culturales que comparten las provincias del Litoral. Se espera que este tratado impulse proyectos conjuntos y acciones coordinadas para el beneficio de la regi\u00f3n.<\/p>\n","protected":false},"excerpt":{"rendered":"<p>Este mi\u00e9rcoles a las 13:00 horas, los gobernadores de seis provincias argentinas se reunir\u00e1n en la ciudad de Santa Fe para firmar un tratado que formaliza la creaci\u00f3n del bloque de integraci\u00f3n \u00abRegi\u00f3n Litoral\u00bb. El acto, que se llevar\u00e1 a cabo en el Centro Cultural La Redonda, contar\u00e1 con la presencia de los mandatarios de [&hellip;]<\/p>\n","protected":false},"author":2,"featured_media":19323,"comment_status":"closed","ping_status":"open","sticky":false,"template":"","format":"standard","meta":{"footnotes":""},"categories":[8],"tags":[511],"class_list":{"0":"post-19320","1":"post","2":"type-post","3":"status-publish","4":"format-standard","5":"has-post-thumbnail","7":"category-nacionales","8":"tag-bloque-2"},"_links":{"self":[{"href":"https:\/\/zoomproducciones.com.ar\/zoomp\/wp-json\/wp\/v2\/posts\/19320","targetHints":{"allow":["GET"]}}],"collection":[{"href":"https:\/\/zoomproducciones.com.ar\/zoomp\/wp-json\/wp\/v2\/posts"}],"about":[{"href":"https:\/\/zoomproducciones.com.ar\/zoomp\/wp-json\/wp\/v2\/types\/post"}],"author":[{"embeddable":true,"href":"https:\/\/zoomproducciones.com.ar\/zoomp\/wp-json\/wp\/v2\/users\/2"}],"replies":[{"embeddable":true,"href":"https:\/\/zoomproducciones.com.ar\/zoomp\/wp-json\/wp\/v2\/comments?post=19320"}],"version-history":[{"count":1,"href":"https:\/\/zoomproducciones.com.ar\/zoomp\/wp-json\/wp\/v2\/posts\/19320\/revisions"}],"predecessor-version":[{"id":19325,"href":"https:\/\/zoomproducciones.com.ar\/zoomp\/wp-json\/wp\/v2\/posts\/19320\/revisions\/19325"}],"wp:featuredmedia":[{"embeddable":true,"href":"https:\/\/zoomproducciones.com.ar\/zoomp\/wp-json\/wp\/v2\/media\/19323"}],"wp:attachment":[{"href":"https:\/\/zoomproducciones.com.ar\/zoomp\/wp-json\/wp\/v2\/media?parent=19320"}],"wp:term":[{"taxonomy":"category","embeddable":true,"href":"https:\/\/zoomproducciones.com.ar\/zoomp\/wp-json\/wp\/v2\/categories?post=19320"},{"taxonomy":"post_tag","embeddable":true,"href":"https:\/\/zoomproducciones.com.ar\/zoomp\/wp-json\/wp\/v2\/tags?post=19320"}],"curies":[{"name":"wp","href":"https:\/\/api.w.org\/{rel}","templated":true}]}}