{"id":19313,"date":"2024-10-16T07:59:28","date_gmt":"2024-10-16T10:59:28","guid":{"rendered":"http:\/\/zoomproducciones.com.ar\/zoomp\/?p=19313"},"modified":"2024-10-16T07:59:29","modified_gmt":"2024-10-16T10:59:29","slug":"se-reinicia-el-juicio-por-la-muerte-de-matias-chirino-declarara-una-de-las-victimas-de-la-noche-del-bautismo","status":"publish","type":"post","link":"https:\/\/zoomproducciones.com.ar\/zoomp\/se-reinicia-el-juicio-por-la-muerte-de-matias-chirino-declarara-una-de-las-victimas-de-la-noche-del-bautismo\/","title":{"rendered":"Se reinicia el juicio por la muerte de Mat\u00edas Chirino: declarar\u00e1 una de las v\u00edctimas de la noche del \u00bbbautismo\u00bb"},"content":{"rendered":"\n<p>Este mi\u00e9rcoles, en el Tribunal Oral Federal de Corrientes, se reanudar\u00e1 el juicio contra los nueve militares acusados por la muerte del subteniente Mat\u00edas Chirino, ocurrida en junio de 2022 durante un ritual de bienvenida en el Grupo de Artiller\u00eda de Monte 3 de Paso de los Libres.<\/p>\n\n\n\n<p>En la jornada, se espera la declaraci\u00f3n testimonial del subteniente del Ej\u00e9rcito Jorge Manuel Chaile, sobreviviente del brutal \u00abbautismo\u00bb que tambi\u00e9n sufri\u00f3 junto a otro oficial, Rufino Ezequiel Meza.<\/p>\n\n\n\n<p>Chaile relatar\u00e1 las circunstancias que vivi\u00f3 durante la noche del 18 y la madrugada del 19 de junio de 2022, en el establecimiento militar correntino. Su testimonio se suma al impactante relato de Meza, que la semana pasada describi\u00f3 las torturas que padeci\u00f3 en el ritual.<\/p>\n\n\n\n<p>La audiencia de este martes, realizada en la sala de debates del Tribunal en Corrientes, cont\u00f3 con la presencia de los padres de Mat\u00edas Chirino, quienes destacaron la \u00abpositividad\u00bb del desarrollo del juicio hasta el momento.<\/p>\n\n\n\n<p>\u00abQueda todo plasmado de lo que hicieron estas nueve s\u00e1dicas personas hacia mi hijo Mat\u00edas Ezequiel Chirino, que ni siquiera lo dejaron pisar el primer escal\u00f3n de su carrera\u00bb, expres\u00f3 Ezequiel, padre de la v\u00edctima.<\/p>\n\n\n\n<p>El juicio avanza con la presentaci\u00f3n de pruebas y testimonios. El Tribunal fij\u00f3 los d\u00edas mi\u00e9rcoles 23 y jueves 24 de octubre para los alegatos finales.<\/p>\n\n\n\n<p>Los acusados, quienes enfrentan cargos por homicidio simple, son: Rub\u00e9n Dar\u00edo Ruiz, Claudio Andr\u00e9s Luna, Hugo Reclus Mart\u00ednez Tarraga, Exequiel Emanuel Aguilar, Dar\u00edo Emanuel Mart\u00ednez, Luis Facundo Acosta, Gerardo Sebasti\u00e1n Bautista, Franco Dami\u00e1n Grupico y Claudia Daniela Cayata.<\/p>\n\n\n\n<p>Fuente: El Litoral.<\/p>\n","protected":false},"excerpt":{"rendered":"<p>Este mi\u00e9rcoles, en el Tribunal Oral Federal de Corrientes, se reanudar\u00e1 el juicio contra los nueve militares acusados por la muerte del subteniente Mat\u00edas Chirino, ocurrida en junio de 2022 durante un ritual de bienvenida en el Grupo de Artiller\u00eda de Monte 3 de Paso de los Libres. En la jornada, se espera la declaraci\u00f3n [&hellip;]<\/p>\n","protected":false},"author":2,"featured_media":19314,"comment_status":"closed","ping_status":"open","sticky":false,"template":"","format":"standard","meta":{"footnotes":""},"categories":[8],"tags":[42],"class_list":{"0":"post-19313","1":"post","2":"type-post","3":"status-publish","4":"format-standard","5":"has-post-thumbnail","7":"category-nacionales","8":"tag-featured"},"_links":{"self":[{"href":"https:\/\/zoomproducciones.com.ar\/zoomp\/wp-json\/wp\/v2\/posts\/19313","targetHints":{"allow":["GET"]}}],"collection":[{"href":"https:\/\/zoomproducciones.com.ar\/zoomp\/wp-json\/wp\/v2\/posts"}],"about":[{"href":"https:\/\/zoomproducciones.com.ar\/zoomp\/wp-json\/wp\/v2\/types\/post"}],"author":[{"embeddable":true,"href":"https:\/\/zoomproducciones.com.ar\/zoomp\/wp-json\/wp\/v2\/users\/2"}],"replies":[{"embeddable":true,"href":"https:\/\/zoomproducciones.com.ar\/zoomp\/wp-json\/wp\/v2\/comments?post=19313"}],"version-history":[{"count":1,"href":"https:\/\/zoomproducciones.com.ar\/zoomp\/wp-json\/wp\/v2\/posts\/19313\/revisions"}],"predecessor-version":[{"id":19317,"href":"https:\/\/zoomproducciones.com.ar\/zoomp\/wp-json\/wp\/v2\/posts\/19313\/revisions\/19317"}],"wp:featuredmedia":[{"embeddable":true,"href":"https:\/\/zoomproducciones.com.ar\/zoomp\/wp-json\/wp\/v2\/media\/19314"}],"wp:attachment":[{"href":"https:\/\/zoomproducciones.com.ar\/zoomp\/wp-json\/wp\/v2\/media?parent=19313"}],"wp:term":[{"taxonomy":"category","embeddable":true,"href":"https:\/\/zoomproducciones.com.ar\/zoomp\/wp-json\/wp\/v2\/categories?post=19313"},{"taxonomy":"post_tag","embeddable":true,"href":"https:\/\/zoomproducciones.com.ar\/zoomp\/wp-json\/wp\/v2\/tags?post=19313"}],"curies":[{"name":"wp","href":"https:\/\/api.w.org\/{rel}","templated":true}]}}