{"id":19305,"date":"2024-10-15T07:28:04","date_gmt":"2024-10-15T10:28:04","guid":{"rendered":"http:\/\/zoomproducciones.com.ar\/zoomp\/?p=19305"},"modified":"2024-10-15T07:29:15","modified_gmt":"2024-10-15T10:29:15","slug":"una-mujer-fue-detenida-con-3-kilos-de-marihuana-mientras-viajaba-en-un-colectivo-de-larga-distancia","status":"publish","type":"post","link":"https:\/\/zoomproducciones.com.ar\/zoomp\/una-mujer-fue-detenida-con-3-kilos-de-marihuana-mientras-viajaba-en-un-colectivo-de-larga-distancia\/","title":{"rendered":"Una mujer fue detenida con 3 kilos de marihuana mientras viajaba en un colectivo de larga distancia"},"content":{"rendered":"\n<p>Gendarmer\u00eda Nacional detuvo este lunes a una mujer que viajaba con m\u00e1s de 3 kilos de marihuana en un colectivo de larga distancia en las cercan\u00edas de Villa Olivari, Corrientes.<\/p>\n\n\n\n<p>Durante un control en el kil\u00f3metro 12, los efectivos de Gendarmer\u00eda requisaron el veh\u00edculo con destino a la ciudad de Corrientes. La reacci\u00f3n del can detector de narc\u00f3ticos \u00abSonic\u00bb alert\u00f3 a los uniformados sobre las pertenencias de una ciudadana mayor de edad.<\/p>\n\n\n\n<p>Al abrir el equipaje de la mujer, los gendarmes encontraron un paquete de gran tama\u00f1o envuelto en film, que conten\u00eda una sustancia vegetal. Las pruebas de campo Narcotest confirmaron que se trataba de \u00abcannabis sativa\u00bb, con un peso total de 3,981 kilos.<\/p>\n\n\n\n<p>El Juzgado Federal y la Fiscal\u00eda Federal de Corrientes intervinieron en el caso, ordenando el secuestro de la droga y la detenci\u00f3n de la pasajera involucrada.<\/p>\n\n\n\n<p>Fuente: El Litoral.<\/p>\n","protected":false},"excerpt":{"rendered":"<p>Gendarmer\u00eda Nacional detuvo este lunes a una mujer que viajaba con m\u00e1s de 3 kilos de marihuana en un colectivo de larga distancia en las cercan\u00edas de Villa Olivari, Corrientes. Durante un control en el kil\u00f3metro 12, los efectivos de Gendarmer\u00eda requisaron el veh\u00edculo con destino a la ciudad de Corrientes. La reacci\u00f3n del can [&hellip;]<\/p>\n","protected":false},"author":2,"featured_media":19307,"comment_status":"closed","ping_status":"open","sticky":false,"template":"","format":"standard","meta":{"footnotes":""},"categories":[3],"tags":[511],"class_list":{"0":"post-19305","1":"post","2":"type-post","3":"status-publish","4":"format-standard","5":"has-post-thumbnail","7":"category-provinciales","8":"tag-bloque-2"},"_links":{"self":[{"href":"https:\/\/zoomproducciones.com.ar\/zoomp\/wp-json\/wp\/v2\/posts\/19305","targetHints":{"allow":["GET"]}}],"collection":[{"href":"https:\/\/zoomproducciones.com.ar\/zoomp\/wp-json\/wp\/v2\/posts"}],"about":[{"href":"https:\/\/zoomproducciones.com.ar\/zoomp\/wp-json\/wp\/v2\/types\/post"}],"author":[{"embeddable":true,"href":"https:\/\/zoomproducciones.com.ar\/zoomp\/wp-json\/wp\/v2\/users\/2"}],"replies":[{"embeddable":true,"href":"https:\/\/zoomproducciones.com.ar\/zoomp\/wp-json\/wp\/v2\/comments?post=19305"}],"version-history":[{"count":1,"href":"https:\/\/zoomproducciones.com.ar\/zoomp\/wp-json\/wp\/v2\/posts\/19305\/revisions"}],"predecessor-version":[{"id":19308,"href":"https:\/\/zoomproducciones.com.ar\/zoomp\/wp-json\/wp\/v2\/posts\/19305\/revisions\/19308"}],"wp:featuredmedia":[{"embeddable":true,"href":"https:\/\/zoomproducciones.com.ar\/zoomp\/wp-json\/wp\/v2\/media\/19307"}],"wp:attachment":[{"href":"https:\/\/zoomproducciones.com.ar\/zoomp\/wp-json\/wp\/v2\/media?parent=19305"}],"wp:term":[{"taxonomy":"category","embeddable":true,"href":"https:\/\/zoomproducciones.com.ar\/zoomp\/wp-json\/wp\/v2\/categories?post=19305"},{"taxonomy":"post_tag","embeddable":true,"href":"https:\/\/zoomproducciones.com.ar\/zoomp\/wp-json\/wp\/v2\/tags?post=19305"}],"curies":[{"name":"wp","href":"https:\/\/api.w.org\/{rel}","templated":true}]}}