{"id":19300,"date":"2024-10-15T07:23:43","date_gmt":"2024-10-15T10:23:43","guid":{"rendered":"http:\/\/zoomproducciones.com.ar\/zoomp\/?p=19300"},"modified":"2024-10-15T07:23:43","modified_gmt":"2024-10-15T10:23:43","slug":"cristina-kirchner-oficializa-su-candidatura-a-la-presidencia-del-pj-primero-la-patria-competira-contra-quintela","status":"publish","type":"post","link":"https:\/\/zoomproducciones.com.ar\/zoomp\/cristina-kirchner-oficializa-su-candidatura-a-la-presidencia-del-pj-primero-la-patria-competira-contra-quintela\/","title":{"rendered":"Cristina Kirchner oficializa su candidatura a la presidencia del PJ: \u00abPrimero La Patria\u00bb competir\u00e1 contra Quintela"},"content":{"rendered":"\n<p>La ex presidenta Cristina Fern\u00e1ndez de Kirchner present\u00f3 este lunes la lista \u00abPrimero La Patria\u00bb para competir en las elecciones internas del PJ, que se llevar\u00e1n a cabo el 17 de noviembre pr\u00f3ximo. Su candidatura se enfrentar\u00e1 a la del gobernador de La Rioja, Ricardo Quintela, quien ya hab\u00eda oficializado su lista \u00abFederalismo y Justicia\u00bb la semana pasada.<\/p>\n\n\n\n<p>Los apoderados de la lista \u00abPrimero La Patria\u00bb, Anabel Fern\u00e1ndez Sagasti, Teresa Garc\u00eda y Gustavo Arrieta, solicitaron la reserva del nombre, el color \u00abCeleste y Blanca\u00bb y el N\u00famero 2 para la n\u00f3mina.<\/p>\n\n\n\n<p>La ex mandataria busca conducir el Consejo Nacional del PJ, cargo que qued\u00f3 vacante desde la renuncia de Alberto Fern\u00e1ndez en agosto. Al anunciar su decisi\u00f3n de participar en las elecciones, Cristina Fern\u00e1ndez sostuvo que \u00abla unidad necesita direcci\u00f3n y proyecto para construir el mejor peronismo posible en una Argentina que se ha vuelto imposible para la mayor\u00eda de sus habitantes\u00bb.<\/p>\n\n\n\n<p>En el marco de sus encuentros con distintos dirigentes del peronismo, la ex presidenta se reuni\u00f3 este lunes con el intendente de Merlo, Gustavo Men\u00e9ndez, y con el ex jefe de Gabinete An\u00edbal Fern\u00e1ndez.<\/p>\n\n\n\n<p>Por su parte, Quintela, quien busca representar al peronismo federal, anticip\u00f3 el domingo que no se retirar\u00eda de la contienda y que buscar\u00eda \u00abliberar todos los obst\u00e1culos\u00bb en la realizaci\u00f3n de las elecciones internas.<\/p>\n\n\n\n<p>La disputa por la presidencia del PJ se presenta como un escenario clave para el futuro del peronismo, con dos figuras con visiones diferentes sobre la conducci\u00f3n del partido. La elecci\u00f3n del 17 de noviembre definir\u00e1 qui\u00e9n liderar\u00e1 la fuerza pol\u00edtica en un contexto complejo para el pa\u00eds.<\/p>\n","protected":false},"excerpt":{"rendered":"<p>La ex presidenta Cristina Fern\u00e1ndez de Kirchner present\u00f3 este lunes la lista \u00abPrimero La Patria\u00bb para competir en las elecciones internas del PJ, que se llevar\u00e1n a cabo el 17 de noviembre pr\u00f3ximo. Su candidatura se enfrentar\u00e1 a la del gobernador de La Rioja, Ricardo Quintela, quien ya hab\u00eda oficializado su lista \u00abFederalismo y Justicia\u00bb [&hellip;]<\/p>\n","protected":false},"author":2,"featured_media":19302,"comment_status":"closed","ping_status":"open","sticky":false,"template":"","format":"standard","meta":{"footnotes":""},"categories":[8],"tags":[511],"class_list":{"0":"post-19300","1":"post","2":"type-post","3":"status-publish","4":"format-standard","5":"has-post-thumbnail","7":"category-nacionales","8":"tag-bloque-2"},"_links":{"self":[{"href":"https:\/\/zoomproducciones.com.ar\/zoomp\/wp-json\/wp\/v2\/posts\/19300","targetHints":{"allow":["GET"]}}],"collection":[{"href":"https:\/\/zoomproducciones.com.ar\/zoomp\/wp-json\/wp\/v2\/posts"}],"about":[{"href":"https:\/\/zoomproducciones.com.ar\/zoomp\/wp-json\/wp\/v2\/types\/post"}],"author":[{"embeddable":true,"href":"https:\/\/zoomproducciones.com.ar\/zoomp\/wp-json\/wp\/v2\/users\/2"}],"replies":[{"embeddable":true,"href":"https:\/\/zoomproducciones.com.ar\/zoomp\/wp-json\/wp\/v2\/comments?post=19300"}],"version-history":[{"count":1,"href":"https:\/\/zoomproducciones.com.ar\/zoomp\/wp-json\/wp\/v2\/posts\/19300\/revisions"}],"predecessor-version":[{"id":19303,"href":"https:\/\/zoomproducciones.com.ar\/zoomp\/wp-json\/wp\/v2\/posts\/19300\/revisions\/19303"}],"wp:featuredmedia":[{"embeddable":true,"href":"https:\/\/zoomproducciones.com.ar\/zoomp\/wp-json\/wp\/v2\/media\/19302"}],"wp:attachment":[{"href":"https:\/\/zoomproducciones.com.ar\/zoomp\/wp-json\/wp\/v2\/media?parent=19300"}],"wp:term":[{"taxonomy":"category","embeddable":true,"href":"https:\/\/zoomproducciones.com.ar\/zoomp\/wp-json\/wp\/v2\/categories?post=19300"},{"taxonomy":"post_tag","embeddable":true,"href":"https:\/\/zoomproducciones.com.ar\/zoomp\/wp-json\/wp\/v2\/tags?post=19300"}],"curies":[{"name":"wp","href":"https:\/\/api.w.org\/{rel}","templated":true}]}}