{"id":19299,"date":"2024-10-15T07:23:45","date_gmt":"2024-10-15T10:23:45","guid":{"rendered":"http:\/\/zoomproducciones.com.ar\/zoomp\/?p=19299"},"modified":"2024-10-15T07:23:45","modified_gmt":"2024-10-15T10:23:45","slug":"milei-asistira-al-g20-en-rio-de-janeiro-se-espera-el-acuerdo-mercosur-ue-y-el-encuentro-con-lula","status":"publish","type":"post","link":"https:\/\/zoomproducciones.com.ar\/zoomp\/milei-asistira-al-g20-en-rio-de-janeiro-se-espera-el-acuerdo-mercosur-ue-y-el-encuentro-con-lula\/","title":{"rendered":"Milei asistir\u00e1 al G20 en R\u00edo de Janeiro: Se espera el acuerdo Mercosur-UE y el encuentro con Lula"},"content":{"rendered":"\n<p>El presidente Javier Milei confirm\u00f3 su asistencia a la cumbre del G20 que se llevar\u00e1 a cabo los pr\u00f3ximos 18 y 19 de noviembre en R\u00edo de Janeiro, Brasil. Durante la misma, se dar\u00e1 el esperado encuentro con su par brasilero, Lula Da Silva.<\/p>\n\n\n\n<p>Seg\u00fan fuentes oficiales, Da Silva tiene previsto anunciar la firma del acuerdo entre la Uni\u00f3n Europea y el Mercosur, un pacto que el embajador argentino en Brasil, Daniel Raimondi, calific\u00f3 como \u00abmuy avanzado\u00bb durante una cumbre con la delegaci\u00f3n nacional. Sin embargo, Raimondi no descart\u00f3 que la firma se concrete finalmente en la cumbre de pa\u00edses del Mercosur, programada para diciembre en Montevideo.<\/p>\n\n\n\n<p>El G20 se desarrollar\u00e1 en un contexto de tensi\u00f3n internacional, marcado por la continuidad de conflictos b\u00e9licos como los de Medio Oriente y la guerra entre Rusia y Ucrania.<\/p>\n\n\n\n<p>El presidente ruso, Vladimir Putin, ya confirm\u00f3 que no estar\u00e1 presente en R\u00edo de Janeiro. En cambio, se espera la asistencia del jefe de Estado chino, Xi Jinping.<\/p>\n","protected":false},"excerpt":{"rendered":"<p>El presidente Javier Milei confirm\u00f3 su asistencia a la cumbre del G20 que se llevar\u00e1 a cabo los pr\u00f3ximos 18 y 19 de noviembre en R\u00edo de Janeiro, Brasil. Durante la misma, se dar\u00e1 el esperado encuentro con su par brasilero, Lula Da Silva. Seg\u00fan fuentes oficiales, Da Silva tiene previsto anunciar la firma del [&hellip;]<\/p>\n","protected":false},"author":2,"featured_media":19301,"comment_status":"closed","ping_status":"open","sticky":false,"template":"","format":"standard","meta":{"footnotes":""},"categories":[8],"tags":[511],"class_list":{"0":"post-19299","1":"post","2":"type-post","3":"status-publish","4":"format-standard","5":"has-post-thumbnail","7":"category-nacionales","8":"tag-bloque-2"},"_links":{"self":[{"href":"https:\/\/zoomproducciones.com.ar\/zoomp\/wp-json\/wp\/v2\/posts\/19299","targetHints":{"allow":["GET"]}}],"collection":[{"href":"https:\/\/zoomproducciones.com.ar\/zoomp\/wp-json\/wp\/v2\/posts"}],"about":[{"href":"https:\/\/zoomproducciones.com.ar\/zoomp\/wp-json\/wp\/v2\/types\/post"}],"author":[{"embeddable":true,"href":"https:\/\/zoomproducciones.com.ar\/zoomp\/wp-json\/wp\/v2\/users\/2"}],"replies":[{"embeddable":true,"href":"https:\/\/zoomproducciones.com.ar\/zoomp\/wp-json\/wp\/v2\/comments?post=19299"}],"version-history":[{"count":1,"href":"https:\/\/zoomproducciones.com.ar\/zoomp\/wp-json\/wp\/v2\/posts\/19299\/revisions"}],"predecessor-version":[{"id":19304,"href":"https:\/\/zoomproducciones.com.ar\/zoomp\/wp-json\/wp\/v2\/posts\/19299\/revisions\/19304"}],"wp:featuredmedia":[{"embeddable":true,"href":"https:\/\/zoomproducciones.com.ar\/zoomp\/wp-json\/wp\/v2\/media\/19301"}],"wp:attachment":[{"href":"https:\/\/zoomproducciones.com.ar\/zoomp\/wp-json\/wp\/v2\/media?parent=19299"}],"wp:term":[{"taxonomy":"category","embeddable":true,"href":"https:\/\/zoomproducciones.com.ar\/zoomp\/wp-json\/wp\/v2\/categories?post=19299"},{"taxonomy":"post_tag","embeddable":true,"href":"https:\/\/zoomproducciones.com.ar\/zoomp\/wp-json\/wp\/v2\/tags?post=19299"}],"curies":[{"name":"wp","href":"https:\/\/api.w.org\/{rel}","templated":true}]}}