{"id":19291,"date":"2024-10-15T07:16:44","date_gmt":"2024-10-15T10:16:44","guid":{"rendered":"http:\/\/zoomproducciones.com.ar\/zoomp\/?p=19291"},"modified":"2024-10-15T07:16:44","modified_gmt":"2024-10-15T10:16:44","slug":"el-gobierno-critica-las-tomas-en-las-universidades-y-acusa-a-la-oposicion-de-generar-caos","status":"publish","type":"post","link":"https:\/\/zoomproducciones.com.ar\/zoomp\/el-gobierno-critica-las-tomas-en-las-universidades-y-acusa-a-la-oposicion-de-generar-caos\/","title":{"rendered":"El Gobierno critica las tomas en las universidades y acusa a la oposici\u00f3n de generar \u00abcaos\u00bb"},"content":{"rendered":"\n<p>El Gobierno nacional critic\u00f3 las tomas en las universidades argentinas, calific\u00e1ndolas como \u00abun delito\u00bb y asegurando que <strong>\u00abel espacio para discutir los fondos universitarios es el Presupuesto 2025\u00bb.<\/strong><\/p>\n\n\n\n<p>En conferencia de prensa, el vocero presidencial, Manuel Adorni, e<strong>xpres\u00f3 su solidaridad con \u00abla mayor\u00eda de los estudiantes, docentes y no docentes\u00bb<\/strong> que quieren que la universidad est\u00e9 \u00abfuncionando\u00bb.<\/p>\n\n\n\n<p>Adorni afirm\u00f3 que la Justicia deber\u00e1 analizar si se procede con los desalojos de los edificios tomados, y <strong>acus\u00f3 a la \u00abvieja pol\u00edtica\u00bb de querer \u00abvolver el caos\u00bb<\/strong> al asegurar que la Ley de Financiamiento Universitario afectaba al equilibrio fiscal.<\/p>\n\n\n\n<p>El funcionario apunt\u00f3 contra los gremios docentes y no docentes, quienes reclaman mejoras salariales. \u00abPese a la negativa de los gremios, <strong>el Gobierno otorgar\u00e1 el 6,8% al personal docente y no docente para el mes de octubre.<\/strong> Es decir, p<strong>refirieron rechazar el aumento y habilitar la toma<\/strong> antes que aceptar el aumento y seguir trabajando para mejorar la situaci\u00f3n\u00bb, anunci\u00f3 Adorni.<\/p>\n\n\n\n<p>Asimismo, critic\u00f3 la falta de rendici\u00f3n de cuentas por parte de las universidades: \u00ab<strong>Todos saben que para nosotros, los argentinos merecen saber qu\u00e9 se hacen con la plata que aportan de su bolsillo <\/strong>para pagar la educaci\u00f3n de todos los estudiantes\u00bb.<\/p>\n\n\n\n<p><strong>Adorni agradeci\u00f3 a los 85 diputados que acompa\u00f1aron la decisi\u00f3n del Gobiern<\/strong>o de vetar la Ley de Financiamiento Universitario y no descart\u00f3 un nuevo evento celebratorio como el asado realizado en la Quinta de Olivos por el acompa\u00f1amiento al veto de la actualizaci\u00f3n jubilatoria.<\/p>\n\n\n\n<p>\u00abRomper con el equilibrio fiscal implicar\u00eda que todos los argentinos seamos m\u00e1s pobres\u00bb, enfatiz\u00f3 el vocero, defendiendo la pol\u00edtica del Gobierno.<\/p>\n","protected":false},"excerpt":{"rendered":"<p>El Gobierno nacional critic\u00f3 las tomas en las universidades argentinas, calific\u00e1ndolas como \u00abun delito\u00bb y asegurando que \u00abel espacio para discutir los fondos universitarios es el Presupuesto 2025\u00bb. En conferencia de prensa, el vocero presidencial, Manuel Adorni, expres\u00f3 su solidaridad con \u00abla mayor\u00eda de los estudiantes, docentes y no docentes\u00bb que quieren que la universidad [&hellip;]<\/p>\n","protected":false},"author":2,"featured_media":19294,"comment_status":"closed","ping_status":"open","sticky":false,"template":"","format":"standard","meta":{"footnotes":""},"categories":[8],"tags":[511],"class_list":{"0":"post-19291","1":"post","2":"type-post","3":"status-publish","4":"format-standard","5":"has-post-thumbnail","7":"category-nacionales","8":"tag-bloque-2"},"_links":{"self":[{"href":"https:\/\/zoomproducciones.com.ar\/zoomp\/wp-json\/wp\/v2\/posts\/19291","targetHints":{"allow":["GET"]}}],"collection":[{"href":"https:\/\/zoomproducciones.com.ar\/zoomp\/wp-json\/wp\/v2\/posts"}],"about":[{"href":"https:\/\/zoomproducciones.com.ar\/zoomp\/wp-json\/wp\/v2\/types\/post"}],"author":[{"embeddable":true,"href":"https:\/\/zoomproducciones.com.ar\/zoomp\/wp-json\/wp\/v2\/users\/2"}],"replies":[{"embeddable":true,"href":"https:\/\/zoomproducciones.com.ar\/zoomp\/wp-json\/wp\/v2\/comments?post=19291"}],"version-history":[{"count":1,"href":"https:\/\/zoomproducciones.com.ar\/zoomp\/wp-json\/wp\/v2\/posts\/19291\/revisions"}],"predecessor-version":[{"id":19298,"href":"https:\/\/zoomproducciones.com.ar\/zoomp\/wp-json\/wp\/v2\/posts\/19291\/revisions\/19298"}],"wp:featuredmedia":[{"embeddable":true,"href":"https:\/\/zoomproducciones.com.ar\/zoomp\/wp-json\/wp\/v2\/media\/19294"}],"wp:attachment":[{"href":"https:\/\/zoomproducciones.com.ar\/zoomp\/wp-json\/wp\/v2\/media?parent=19291"}],"wp:term":[{"taxonomy":"category","embeddable":true,"href":"https:\/\/zoomproducciones.com.ar\/zoomp\/wp-json\/wp\/v2\/categories?post=19291"},{"taxonomy":"post_tag","embeddable":true,"href":"https:\/\/zoomproducciones.com.ar\/zoomp\/wp-json\/wp\/v2\/tags?post=19291"}],"curies":[{"name":"wp","href":"https:\/\/api.w.org\/{rel}","templated":true}]}}